{"id":51398,"date":"2019-06-18T05:53:38","date_gmt":"2019-06-18T10:53:38","guid":{"rendered":"http:\/\/elinformanteperu.com\/?p=51398"},"modified":"2019-06-18T05:53:38","modified_gmt":"2019-06-18T10:53:38","slug":"fiscal-vela-presenta-nueva-acusacion-contra-toledo-y-pedido-de-extradicion","status":"publish","type":"post","link":"https:\/\/elinformanteperu.com\/index.php\/2019\/06\/18\/fiscal-vela-presenta-nueva-acusacion-contra-toledo-y-pedido-de-extradicion\/","title":{"rendered":"Fiscal Vela presenta nueva acusaci\u00f3n contra Toledo y pedido de extradici\u00f3n"},"content":{"rendered":"<p><strong><span style=\"color: #000000;\">El coordinador del equipo especial del Ministerio P\u00fablico para el caso Lava Jato, Rafael Vela, formaliz\u00f3 acusaci\u00f3n contra el expresidente Alejandro Toledo.<\/span><\/strong><\/p>\n<p><span style=\"color: #000000;\"><strong>Lima, 17 Junio 2019, (ANDINA).-<\/strong> El coordinador del equipo especial del Ministerio P\u00fablico para el caso Lava Jato, Rafael Vela, formaliz\u00f3 acusaci\u00f3n contra el expresidente Alejandro Toledo, por el delito de lavado de activos en el marco del caso Ecoteva y present\u00f3 un nuevo pedido de extradici\u00f3n contra el exgobernante.<\/span><\/p>\n<p><span style=\"color: #000000;\">Para el exmandatario, el fiscal solicit\u00f3 una pena de 16 a\u00f1os de prisi\u00f3n y ocho meses al hallarlo responsable del delito de lavado de activos, en su modalidad agravada.<\/span><\/p>\n<p><span style=\"color: #000000;\">La acusaci\u00f3n incluye a su esposa y exprimera dama, Eliane Karp para quien la fiscal\u00eda pidi\u00f3 la misma pena.<\/span><\/p>\n<p><span style=\"color: #000000;\">Tambi\u00e9n fueron imputados Eva Fernenbug, madre de Karp, as\u00ed como al exjefe de seguridad de Toledo, Avraham Dan On; y a su hijo Shai Dan On, as\u00ed como David Esquenazi, exrepresentante legal de Fernenbug.<\/span><\/p>\n<p><span style=\"color: #000000;\">Para el caso de Fernenbug, se solicit\u00f3 10 a\u00f1os de pena privativa de libertad; para Avraham Dan On, 16 a\u00f1os y 8 meses; Shai Dan On, 13 a\u00f1os y 4 meses; y Abraham Eskenazi, 13 a\u00f1os y 4 meses.<\/span><\/p>\n<p><span style=\"color: #000000;\">El Ministerio P\u00fablico solicit\u00f3 el pago de reparaci\u00f3n civil total de S\/ 38 millones 220 mil a favor del Estado.<\/span><\/p>\n<p><span style=\"color: #000000;\">Seg\u00fan se inform\u00f3, la acusaci\u00f3n tiene como base la informaci\u00f3n proporcionada por el empresario Josef Maiman, ex\u00edntimo amigo de Toledo, quien declar\u00f3 en Israel el pasado mes de marzo ante los fiscales del caso Lava Jato, en el marco de la colaboraci\u00f3n eficaz a la cual se acogi\u00f3.<\/span><\/p>\n<p><span style=\"color: #000000;\">Como se recuerda, en el marco de la colaboraci\u00f3n eficaz, Maiman confirm\u00f3 que fue \u00e9l quien recibi\u00f3, a trav\u00e9s de sus empresas, el dinero con el cual Odebrecht soborn\u00f3 a Toledo para ganar la concesi\u00f3n de la carretera Interoce\u00e1nica.<\/span><\/p>\n<p><span style=\"color: #000000;\">Asimismo, Maiman entreg\u00f3 a la fiscal\u00eda detalles de c\u00f3mo hizo llegar el dinero al expresidente Toledo Manrique.<\/span><\/p>\n<p><span style=\"color: #000000;\">Con esos fondos il\u00edcitos, cuyo monto super\u00f3 los US$ 21 millones, Toledo adquiri\u00f3 inmuebles en Lima y pag\u00f3 la hipoteca de su casa en La Molina y en el balneario de Punta Sal.<\/span><\/p>\n<p><span style=\"color: #000000;\">El expresidente, quien permanece pr\u00f3fugo de la justicia peruana en Estados Unidos, afronta ya una orden de prisi\u00f3n preventiva por haber recibido coimas de la empresa Odebrecht, as\u00ed como un pedido de extradici\u00f3n por este caso.<\/span><\/p>\n","protected":false},"excerpt":{"rendered":"<p>El coordinador del equipo especial del Ministerio P\u00fablico para el caso Lava Jato, Rafael Vela, formaliz\u00f3 acusaci\u00f3n contra el expresidente Alejandro Toledo. Lima, 17 Junio 2019, (ANDINA).- El coordinador del equipo especial del Ministerio P\u00fablico para el caso Lava Jato, Rafael Vela, formaliz\u00f3 acusaci\u00f3n contra el expresidente Alejandro Toledo, por el delito de lavado de [&hellip;]<\/p>\n","protected":false},"author":1,"featured_media":23577,"comment_status":"open","ping_status":"open","sticky":false,"template":"","format":"standard","meta":{"rop_custom_images_group":[],"rop_custom_messages_group":[],"rop_publish_now":"initial","rop_publish_now_accounts":[],"rop_publish_now_history":[],"rop_publish_now_status":"pending","footnotes":""},"categories":[5],"tags":[208,656,163],"class_list":["post-51398","post","type-post","status-publish","format-standard","has-post-thumbnail","hentry","category-actualidad-informativa","tag-alejandro-toledo","tag-lava-jato","tag-poder-judicial"],"_links":{"self":[{"href":"https:\/\/elinformanteperu.com\/index.php\/wp-json\/wp\/v2\/posts\/51398","targetHints":{"allow":["GET"]}}],"collection":[{"href":"https:\/\/elinformanteperu.com\/index.php\/wp-json\/wp\/v2\/posts"}],"about":[{"href":"https:\/\/elinformanteperu.com\/index.php\/wp-json\/wp\/v2\/types\/post"}],"author":[{"embeddable":true,"href":"https:\/\/elinformanteperu.com\/index.php\/wp-json\/wp\/v2\/users\/1"}],"replies":[{"embeddable":true,"href":"https:\/\/elinformanteperu.com\/index.php\/wp-json\/wp\/v2\/comments?post=51398"}],"version-history":[{"count":1,"href":"https:\/\/elinformanteperu.com\/index.php\/wp-json\/wp\/v2\/posts\/51398\/revisions"}],"predecessor-version":[{"id":51399,"href":"https:\/\/elinformanteperu.com\/index.php\/wp-json\/wp\/v2\/posts\/51398\/revisions\/51399"}],"wp:featuredmedia":[{"embeddable":true,"href":"https:\/\/elinformanteperu.com\/index.php\/wp-json\/wp\/v2\/media\/23577"}],"wp:attachment":[{"href":"https:\/\/elinformanteperu.com\/index.php\/wp-json\/wp\/v2\/media?parent=51398"}],"wp:term":[{"taxonomy":"category","embeddable":true,"href":"https:\/\/elinformanteperu.com\/index.php\/wp-json\/wp\/v2\/categories?post=51398"},{"taxonomy":"post_tag","embeddable":true,"href":"https:\/\/elinformanteperu.com\/index.php\/wp-json\/wp\/v2\/tags?post=51398"}],"curies":[{"name":"wp","href":"https:\/\/api.w.org\/{rel}","templated":true}]}}