{"id":51387,"date":"2019-06-16T23:31:24","date_gmt":"2019-06-17T04:31:24","guid":{"rendered":"http:\/\/elinformanteperu.com\/?p=51387"},"modified":"2019-06-16T23:31:24","modified_gmt":"2019-06-17T04:31:24","slug":"bartra-no-tiene-otra-opcion-que-acatar-la-cuestion-de-confianza-afirman","status":"publish","type":"post","link":"https:\/\/elinformanteperu.com\/index.php\/2019\/06\/16\/bartra-no-tiene-otra-opcion-que-acatar-la-cuestion-de-confianza-afirman\/","title":{"rendered":"Bartra no tiene otra opci\u00f3n que acatar la cuesti\u00f3n de confianza, afirman"},"content":{"rendered":"<p><strong><span style=\"color: #000000;\">El legislador de Nuevo Per\u00fa, Alberto Quintanilla, afirm\u00f3 que la presidenta de la Comisi\u00f3n de Constituci\u00f3n del Congreso, no tiene otra opci\u00f3n que acatar la decisi\u00f3n del pleno de otorgar la confianza al Ejecutivo.<\/span><\/strong><\/p>\n<p><span style=\"color: #000000;\"><strong>Lima, 16 Junio 2019, (ANDINA).-<\/strong> El legislador de Nuevo Per\u00fa, Alberto Quintanilla, afirm\u00f3 que la presidenta de la Comisi\u00f3n de Constituci\u00f3n del Congreso, no tiene otra opci\u00f3n que acatar la decisi\u00f3n del pleno de otorgar la confianza al Ejecutivo sobre la reforma pol\u00edtica y encauzar el debate de los proyectos vinculados a ese tema.<\/span><\/p>\n<p><span style=\"color: #000000;\">\u201cYo tengo la impresi\u00f3n que a Rosa Bartra no le queda otra cosa acatar la cuesti\u00f3n de confianza, adem\u00e1s la propia comisi\u00f3n, en consenso, aprob\u00f3 un cronograma para debatir los proyectos planteados por el Ejecutivo\u201d, manifest\u00f3 en declaraciones a Andina.<\/span><\/p>\n<p><span style=\"color: #000000;\">Quintanilla se\u00f1al\u00f3 que si bien la legisladora fujimorista vot\u00f3 en contra de otorgar la confianza, la mayor\u00eda de miembros de su bancada y de otras la respald\u00f3 y, por tanto, indic\u00f3, hay un compromiso pol\u00edtico que cumplir.<\/span><\/p>\n<p><span style=\"color: #000000;\">En ese marco, invoc\u00f3 a toda la ciudadan\u00eda a mantenerse vigilante para evitar que el debate de la reforma pol\u00edtica en la Comisi\u00f3n de Constituci\u00f3n se entorpezca o dilate.<\/span><\/p>\n<p><span style=\"color: #000000;\">\u201cHay que estar vigilantes para que no entorpezca el debate, por m\u00e1s que Rosa Bartra tenga discrepancias con la cuesti\u00f3n de confianza, le corresponde ordenar el debate y acabar a tiempo\u201d, declar\u00f3 a la agencia Andina.<\/span><\/p>\n<p><span style=\"color: #000000;\">Asimismo, Quintanilla dijo esperar que las iniciativas del gobierno se discutan sin mayores inconvenientes y dilaciones para contar con nuevas reglas en las elecciones del 2021.<\/span><\/p>\n<p><span style=\"color: #000000;\">Para ello, resalt\u00f3, es necesario que Bartra presente predict\u00e1menes a los miembros de la Comisi\u00f3n de Constituci\u00f3n para evitar sorpresas.<\/span><\/p>\n<p><span style=\"color: #000000;\">La Comisi\u00f3n de Constituci\u00f3n aprob\u00f3 el primer proyecto de reforma pol\u00edtica sobre impedimentos para postular a cargo de elecci\u00f3n, el cual solo tuvo el voto en contra de tres legisladores de Fuerza Popular.<\/span><\/p>\n<p><span style=\"color: #000000;\">Este grupo de trabajo ha invitado al ministro de Justicia, Vicente Zeballos, para su sesi\u00f3n de este martes 18 de junio, con el fin que absuelva las dudas sobre el proyecto que modifica la inscripci\u00f3n y cancelaci\u00f3n de partidos pol\u00edticos y organizaciones pol\u00edticas regionales.<\/span><\/p>\n<p><span style=\"color: #000000;\">El Congreso otorg\u00f3 al Ejecutivo la cuesti\u00f3n de confianza respecto a seis proyectos de ley relacionados con el fortalecimiento institucional y la lucha contra la corrupci\u00f3n en el \u00e1mbito pol\u00edtico, los cuales est\u00e1n en la agenda de debate de la Comisi\u00f3n de Constituci\u00f3n.<\/span><\/p>\n<p><span style=\"color: #000000;\">El gobierno ha manifestado que espera que la esencia de los proyectos no sea alterada en la Comisi\u00f3n de Constituci\u00f3n.<\/span><\/p>\n","protected":false},"excerpt":{"rendered":"<p>El legislador de Nuevo Per\u00fa, Alberto Quintanilla, afirm\u00f3 que la presidenta de la Comisi\u00f3n de Constituci\u00f3n del Congreso, no tiene otra opci\u00f3n que acatar la decisi\u00f3n del pleno de otorgar la confianza al Ejecutivo. Lima, 16 Junio 2019, (ANDINA).- El legislador de Nuevo Per\u00fa, Alberto Quintanilla, afirm\u00f3 que la presidenta de la Comisi\u00f3n de Constituci\u00f3n [&hellip;]<\/p>\n","protected":false},"author":1,"featured_media":23857,"comment_status":"open","ping_status":"open","sticky":false,"template":"","format":"standard","meta":{"rop_custom_images_group":[],"rop_custom_messages_group":[],"rop_publish_now":"initial","rop_publish_now_accounts":[],"rop_publish_now_history":[],"rop_publish_now_status":"pending","footnotes":""},"categories":[5],"tags":[445,192,4474],"class_list":["post-51387","post","type-post","status-publish","format-standard","has-post-thumbnail","hentry","category-actualidad-informativa","tag-alberto-quintanilla","tag-congreso","tag-cuestion-de-confianza"],"_links":{"self":[{"href":"https:\/\/elinformanteperu.com\/index.php\/wp-json\/wp\/v2\/posts\/51387","targetHints":{"allow":["GET"]}}],"collection":[{"href":"https:\/\/elinformanteperu.com\/index.php\/wp-json\/wp\/v2\/posts"}],"about":[{"href":"https:\/\/elinformanteperu.com\/index.php\/wp-json\/wp\/v2\/types\/post"}],"author":[{"embeddable":true,"href":"https:\/\/elinformanteperu.com\/index.php\/wp-json\/wp\/v2\/users\/1"}],"replies":[{"embeddable":true,"href":"https:\/\/elinformanteperu.com\/index.php\/wp-json\/wp\/v2\/comments?post=51387"}],"version-history":[{"count":1,"href":"https:\/\/elinformanteperu.com\/index.php\/wp-json\/wp\/v2\/posts\/51387\/revisions"}],"predecessor-version":[{"id":51388,"href":"https:\/\/elinformanteperu.com\/index.php\/wp-json\/wp\/v2\/posts\/51387\/revisions\/51388"}],"wp:featuredmedia":[{"embeddable":true,"href":"https:\/\/elinformanteperu.com\/index.php\/wp-json\/wp\/v2\/media\/23857"}],"wp:attachment":[{"href":"https:\/\/elinformanteperu.com\/index.php\/wp-json\/wp\/v2\/media?parent=51387"}],"wp:term":[{"taxonomy":"category","embeddable":true,"href":"https:\/\/elinformanteperu.com\/index.php\/wp-json\/wp\/v2\/categories?post=51387"},{"taxonomy":"post_tag","embeddable":true,"href":"https:\/\/elinformanteperu.com\/index.php\/wp-json\/wp\/v2\/tags?post=51387"}],"curies":[{"name":"wp","href":"https:\/\/api.w.org\/{rel}","templated":true}]}}