{"id":51203,"date":"2019-06-12T23:05:45","date_gmt":"2019-06-13T04:05:45","guid":{"rendered":"http:\/\/elinformanteperu.com\/?p=51203"},"modified":"2019-06-12T23:05:45","modified_gmt":"2019-06-13T04:05:45","slug":"congreso-debe-decidir-sobre-chavarry-pensando-en-el-pais-invoca-zeballos","status":"publish","type":"post","link":"https:\/\/elinformanteperu.com\/index.php\/2019\/06\/12\/congreso-debe-decidir-sobre-chavarry-pensando-en-el-pais-invoca-zeballos\/","title":{"rendered":"Congreso debe decidir sobre Ch\u00e1varry pensando en el pa\u00eds, invoca Zeballos"},"content":{"rendered":"<p><strong><span style=\"color: #000000;\">El ministro de Justicia, Vicente Zeballos, invoc\u00f3 al pleno del Congreso a tomar una decisi\u00f3n sobre el exfiscal de la Naci\u00f3n, Pedro Ch\u00e1varry, pensando en el pa\u00eds.\u00a0<\/span><\/strong><\/p>\n<p><span style=\"color: #000000;\"><strong>Lima, 12 Junio 2019, (ANDINA).-<\/strong> El ministro de Justicia y Derechos Humanos, Vicente Zeballos, invoc\u00f3 al pleno del Congreso a tomar una decisi\u00f3n sobre el exfiscal de la Naci\u00f3n, Pedro Ch\u00e1varry, pensando en el pa\u00eds.\u00a0<\/span><\/p>\n<p><span style=\"color: #000000;\">Indic\u00f3 que el pleno del Congreso puede evaluar y tomar una determinaci\u00f3n diferente a la que eventualmente vaya a adoptar la Comisi\u00f3n Permanente sobre Ch\u00e1varry, tal como ocurri\u00f3 con el caso del exjuez supremo C\u00e9sar Hinostroza.<\/span><\/p>\n<p><span style=\"color: #000000;\">\u00abPor ello, hacemos una invocaci\u00f3n para que el pleno del Congreso, como \u00faltima instancia, decida y lo haga pensando en el pa\u00eds\u00bb, se\u00f1al\u00f3 en conferencia de prensa tras la sesi\u00f3n del Consejo de Ministros.<\/span><\/p>\n<p><span style=\"color: #000000;\">En ese \u00e1mbito, Zeballos dijo que el archivamiento en parte de la denuncia constitucional interpuesta por la fiscal de la Naci\u00f3n, Zoraida \u00c1valos, contra Ch\u00e1varry en la Subcomisi\u00f3n de Acusaciones Constitucionales, no es un procedimiento concluido.<\/span><\/p>\n<p><span style=\"color: #000000;\">Por su parte, el jefe del Gabinete Ministerial, Salvador del Solar, precis\u00f3 que el Ejecutivo no plante\u00f3 la cuesti\u00f3n de confianza con base en las decisiones tomadas por el Congreso, a pesar de que el presidente Mart\u00edn Vizcarra mencion\u00f3 en su mensaje a la Naci\u00f3n como uno de los detonantes, el acuerdo de la Comisi\u00f3n Permanente para rechazar el informe que propon\u00eda destituir a Ch\u00e1varry.<\/span><\/p>\n<p><span style=\"color: #000000;\">Seg\u00fan dijo, mencion\u00f3 ese caso \u00abcomo un elemento de contexto que era necesario tomar en cuenta\u00bb.<\/span><\/p>\n<p><span style=\"color: #000000;\">\u00ab(Pedro Ch\u00e1varry) est\u00e1 vinculado a las investigaciones alrededor del Consejo Nacional de la Magistratura que es el origen mismo de que tengamos una reforma pol\u00edtica y de justicia, pues desde el Gobierno consideramos que es esencial que un fiscal responda ante la justicia\u00bb, asegur\u00f3.<\/span><\/p>\n<p><span style=\"color: #000000;\">En ese sentido, consider\u00f3 inapropiado que la Subcomisi\u00f3n de Acusaciones Constitucionales del Congreso no permita que el exfiscal se presente ante la justicia.<\/span><\/p>\n<p><span style=\"color: #000000;\">Ello va en contra de lo que el Per\u00fa necesita como un pa\u00eds que quiere recuperar la confianza de las instituciones, mencion\u00f3.<\/span><\/p>\n","protected":false},"excerpt":{"rendered":"<p>El ministro de Justicia, Vicente Zeballos, invoc\u00f3 al pleno del Congreso a tomar una decisi\u00f3n sobre el exfiscal de la Naci\u00f3n, Pedro Ch\u00e1varry, pensando en el pa\u00eds.\u00a0 Lima, 12 Junio 2019, (ANDINA).- El ministro de Justicia y Derechos Humanos, Vicente Zeballos, invoc\u00f3 al pleno del Congreso a tomar una decisi\u00f3n sobre el exfiscal de la [&hellip;]<\/p>\n","protected":false},"author":1,"featured_media":51204,"comment_status":"open","ping_status":"open","sticky":false,"template":"","format":"standard","meta":{"rop_custom_images_group":[],"rop_custom_messages_group":[],"rop_publish_now":"initial","rop_publish_now_accounts":[],"rop_publish_now_history":[],"rop_publish_now_status":"pending","footnotes":""},"categories":[5],"tags":[189,3209,477],"class_list":["post-51203","post","type-post","status-publish","format-standard","has-post-thumbnail","hentry","category-actualidad-informativa","tag-pcm","tag-pedro-chavarry","tag-vicente-zeballos"],"_links":{"self":[{"href":"https:\/\/elinformanteperu.com\/index.php\/wp-json\/wp\/v2\/posts\/51203","targetHints":{"allow":["GET"]}}],"collection":[{"href":"https:\/\/elinformanteperu.com\/index.php\/wp-json\/wp\/v2\/posts"}],"about":[{"href":"https:\/\/elinformanteperu.com\/index.php\/wp-json\/wp\/v2\/types\/post"}],"author":[{"embeddable":true,"href":"https:\/\/elinformanteperu.com\/index.php\/wp-json\/wp\/v2\/users\/1"}],"replies":[{"embeddable":true,"href":"https:\/\/elinformanteperu.com\/index.php\/wp-json\/wp\/v2\/comments?post=51203"}],"version-history":[{"count":1,"href":"https:\/\/elinformanteperu.com\/index.php\/wp-json\/wp\/v2\/posts\/51203\/revisions"}],"predecessor-version":[{"id":51205,"href":"https:\/\/elinformanteperu.com\/index.php\/wp-json\/wp\/v2\/posts\/51203\/revisions\/51205"}],"wp:featuredmedia":[{"embeddable":true,"href":"https:\/\/elinformanteperu.com\/index.php\/wp-json\/wp\/v2\/media\/51204"}],"wp:attachment":[{"href":"https:\/\/elinformanteperu.com\/index.php\/wp-json\/wp\/v2\/media?parent=51203"}],"wp:term":[{"taxonomy":"category","embeddable":true,"href":"https:\/\/elinformanteperu.com\/index.php\/wp-json\/wp\/v2\/categories?post=51203"},{"taxonomy":"post_tag","embeddable":true,"href":"https:\/\/elinformanteperu.com\/index.php\/wp-json\/wp\/v2\/tags?post=51203"}],"curies":[{"name":"wp","href":"https:\/\/api.w.org\/{rel}","templated":true}]}}