{"id":51200,"date":"2019-06-12T23:03:13","date_gmt":"2019-06-13T04:03:13","guid":{"rendered":"http:\/\/elinformanteperu.com\/?p=51200"},"modified":"2019-06-12T23:03:13","modified_gmt":"2019-06-13T04:03:13","slug":"peru-actuo-con-responsabilidad-al-exigir-visa-a-venezolanos-destaca-del-solar","status":"publish","type":"post","link":"https:\/\/elinformanteperu.com\/index.php\/2019\/06\/12\/peru-actuo-con-responsabilidad-al-exigir-visa-a-venezolanos-destaca-del-solar\/","title":{"rendered":"Per\u00fa actu\u00f3 con responsabilidad al exigir visa a venezolanos, destaca Del Solar"},"content":{"rendered":"<p><strong><span style=\"color: #000000;\">El Per\u00fa actu\u00f3 con responsabilidad y respeto hacia Venezuela al exigir a los migrantes provenientes de ese pa\u00eds, el pasaporte y visa humanitaria, afirm\u00f3\u00a0 Salvador del Solar.<\/span><\/strong><\/p>\n<p><span style=\"color: #000000;\"><strong>Lima, 12 Junio 2019, (ANDINA).-<\/strong> El Per\u00fa actu\u00f3 con responsabilidad y respeto hacia Venezuela al exigir a los migrantes provenientes de ese pa\u00eds, el pasaporte y visa humanitaria, afirm\u00f3 el presidente del Consejo de Ministros (PCM), Salvador del Solar.<\/span><\/p>\n<p><span style=\"color: #000000;\">Al descartar cualquier medida arbitraria contra la migraci\u00f3n proveniente de Venezuela, record\u00f3 que el Per\u00fa abri\u00f3 las puertas a los venezolanos que decidieron huir de la crisis econ\u00f3mica y social en su pa\u00eds, y permiti\u00f3 el ingreso de m\u00e1s de 700,000 personas.<\/span><\/p>\n<p><span style=\"color: #000000;\">\u00abNadie puede decir que el Per\u00fa no ha acogido debidamente a los hermanos venezolanos, pero llegada a esta cantidad se ha considerado con responsabilidad, no cerrar las puertas, lo que no se ha hecho, sino, como algunos pa\u00edses vecinos, exigir una visa o un pedido de refugio que se solicita en el punto de origen\u00bb, afirm\u00f3.<\/span><\/p>\n<p><span style=\"color: #000000;\">En conferencia de prensa, luego de una sesi\u00f3n del Consejo de Ministros, manifest\u00f3 que se trata de un tema delicado y de respeto con los venezolanos que pasan por dificultades.<\/span><\/p>\n<p><span style=\"color: #000000;\">\u00abSiempre seremos un pa\u00eds solidario y preocupado por nuestros hermanos, pero tambi\u00e9n por el impacto que esto pueda ocasionar\u00bb, asegur\u00f3.<\/span><\/p>\n<p><span style=\"color: #000000;\">El presidente Mart\u00edn Vizcarra anunci\u00f3 recientemente que los ciudadanos venezolanos que quieran ingresar a territorio nacional deber\u00e1n hacerlo con pasaporte y visa humanitaria.<\/span><\/p>\n<p><span style=\"color: #000000;\">Esta medida, que se implementar\u00e1 desde el s\u00e1bado 15 de junio, busca garantizar una migraci\u00f3n segura y ordenada.<\/span><\/p>\n","protected":false},"excerpt":{"rendered":"<p>El Per\u00fa actu\u00f3 con responsabilidad y respeto hacia Venezuela al exigir a los migrantes provenientes de ese pa\u00eds, el pasaporte y visa humanitaria, afirm\u00f3\u00a0 Salvador del Solar. Lima, 12 Junio 2019, (ANDINA).- El Per\u00fa actu\u00f3 con responsabilidad y respeto hacia Venezuela al exigir a los migrantes provenientes de ese pa\u00eds, el pasaporte y visa humanitaria, [&hellip;]<\/p>\n","protected":false},"author":1,"featured_media":51201,"comment_status":"open","ping_status":"open","sticky":false,"template":"","format":"standard","meta":{"rop_custom_images_group":[],"rop_custom_messages_group":[],"rop_publish_now":"initial","rop_publish_now_accounts":[],"rop_publish_now_history":[],"rop_publish_now_status":"pending","footnotes":""},"categories":[5],"tags":[189,2317,473],"class_list":["post-51200","post","type-post","status-publish","format-standard","has-post-thumbnail","hentry","category-actualidad-informativa","tag-pcm","tag-presidencia-del-consejo-de-ministros","tag-salvador-del-solar"],"_links":{"self":[{"href":"https:\/\/elinformanteperu.com\/index.php\/wp-json\/wp\/v2\/posts\/51200","targetHints":{"allow":["GET"]}}],"collection":[{"href":"https:\/\/elinformanteperu.com\/index.php\/wp-json\/wp\/v2\/posts"}],"about":[{"href":"https:\/\/elinformanteperu.com\/index.php\/wp-json\/wp\/v2\/types\/post"}],"author":[{"embeddable":true,"href":"https:\/\/elinformanteperu.com\/index.php\/wp-json\/wp\/v2\/users\/1"}],"replies":[{"embeddable":true,"href":"https:\/\/elinformanteperu.com\/index.php\/wp-json\/wp\/v2\/comments?post=51200"}],"version-history":[{"count":1,"href":"https:\/\/elinformanteperu.com\/index.php\/wp-json\/wp\/v2\/posts\/51200\/revisions"}],"predecessor-version":[{"id":51202,"href":"https:\/\/elinformanteperu.com\/index.php\/wp-json\/wp\/v2\/posts\/51200\/revisions\/51202"}],"wp:featuredmedia":[{"embeddable":true,"href":"https:\/\/elinformanteperu.com\/index.php\/wp-json\/wp\/v2\/media\/51201"}],"wp:attachment":[{"href":"https:\/\/elinformanteperu.com\/index.php\/wp-json\/wp\/v2\/media?parent=51200"}],"wp:term":[{"taxonomy":"category","embeddable":true,"href":"https:\/\/elinformanteperu.com\/index.php\/wp-json\/wp\/v2\/categories?post=51200"},{"taxonomy":"post_tag","embeddable":true,"href":"https:\/\/elinformanteperu.com\/index.php\/wp-json\/wp\/v2\/tags?post=51200"}],"curies":[{"name":"wp","href":"https:\/\/api.w.org\/{rel}","templated":true}]}}