{"id":51197,"date":"2019-06-12T22:53:33","date_gmt":"2019-06-13T03:53:33","guid":{"rendered":"http:\/\/elinformanteperu.com\/?p=51197"},"modified":"2019-06-12T22:53:33","modified_gmt":"2019-06-13T03:53:33","slug":"del-solar-proyecto-aprobado-respeta-espiritu-de-propuesta-del-ejecutivo","status":"publish","type":"post","link":"https:\/\/elinformanteperu.com\/index.php\/2019\/06\/12\/del-solar-proyecto-aprobado-respeta-espiritu-de-propuesta-del-ejecutivo\/","title":{"rendered":"Del Solar: proyecto aprobado respeta esp\u00edritu de propuesta del Ejecutivo"},"content":{"rendered":"<p><strong><span style=\"color: #000000;\">El presidente del Consejo de Ministros, Salvador del Solar, dijo que la reforma constitucional que proh\u00edbe postular a los sentenciados por delito doloso en primera instancia.<\/span><\/strong><\/p>\n<p><span style=\"color: #000000;\"><strong>Lima, 12 Junio 2019, (ANDINA).-<\/strong> El presidente del Consejo de Ministros, Salvador del Solar, dijo que la reforma constitucional que proh\u00edbe postular a los sentenciados por delito doloso en primera instancia aprobado ayer en la Comisi\u00f3n de Constituci\u00f3n, respeta la esencia de la propuesta planteada por el Poder Ejecutivo en el marco de la reforma pol\u00edtica.<\/span><\/p>\n<p><span style=\"color: #000000;\">\u00abLo aprobado ayer representa el esp\u00edritu de lo que se busca, es decir tenemos que proteger a la pol\u00edtica de la corrupci\u00f3n, tenemos que fortalecer institucionalmente a la pol\u00edtica\u00bb, afirm\u00f3 en conferencia de prensa al culminar una nueva sesi\u00f3n del Consejo de Ministros.<\/span><\/p>\n<p><span style=\"color: #000000;\">La Comisi\u00f3n de Constituci\u00f3n aprob\u00f3 ayer la reforma constitucional que impide a los sentenciados en primera instancia judicial postular a un cargo de elecci\u00f3n postular, as\u00ed como acceder a un cargo p\u00fablico.<\/span><\/p>\n<p><span style=\"color: #000000;\">Del Solar indic\u00f3 que los proyectos amparados en la cuesti\u00f3n de confianza fueron presentados por el Ejecutivo para ser parte de una discusi\u00f3n parlamentaria que pueda enriquecerlos.<\/span><\/p>\n<p><span style=\"color: #000000;\">En ese sentido, refiri\u00f3 que si bien el a\u00f1adido de extender el impedimento a los cargos p\u00fablicos no formaba parte de la propuesta del Ejecutivo, los cambios a\u00f1adidos en el art\u00edculo 39 de la Constituci\u00f3n corresponden al esp\u00edritu democr\u00e1tico del Congreso.<\/span><\/p>\n<p><span style=\"color: #000000;\">\u201cNosotros nos estamos concentrando en la reforma de la actividad pol\u00edtica, con \u00e9nfasis de lo electoral, la modificaci\u00f3n del art\u00edculo 39 no responde exactamente a eso, pero va en el sentido de que tambi\u00e9n la actividad estatal este protegida de la corrupci\u00f3n\u201d, afirm\u00f3.<\/span><\/p>\n<p><strong><span style=\"color: #000000;\">Di\u00e1logo pol\u00edtico<\/span><\/strong><\/p>\n<p><span style=\"color: #000000;\">Por otro lado, el jefe del Gabinete Ministerial indic\u00f3 que el dialogo con diferentes bancadas e integrantes de la Comisi\u00f3n de Constituci\u00f3n, iniciado la semana pasada, busca acompa\u00f1ar el proceso de reforma pol\u00edtica importante que se encuentra en el Parlamento.<\/span><\/p>\n<p><span style=\"color: #000000;\">En dichas reuniones, refiri\u00f3, se identifican los puntos de mayor dificultad o aquellos donde se cree que es dif\u00edcil llegar a consensos y se intercambian opiniones, de modo que haya tiempo de escucharse antes de llegar a la Comisi\u00f3n de Constituci\u00f3n.<\/span><\/p>\n<p><span style=\"color: #000000;\">\u201cNo es una negociaci\u00f3n, sino un intercambio de ideas propio del dialogo pol\u00edtico\u201d, asever\u00f3.<\/span><\/p>\n<p><span style=\"color: #000000;\">Refiri\u00f3 tambi\u00e9n que con las bancadas con las cuales se ha reunido acordaron la posibilidad de sostener reuniones informales con los integrantes de la Comisi\u00f3n de Alto Nivel para la Reforma Pol\u00edtica, que plante\u00f3 las medidas de la reforma.<\/span><\/p>\n<p><span style=\"color: #000000;\">Indic\u00f3 que se ha reunido con los integrantes de la bancada Peruanos por el Kambio, el Apra, y hoy convers\u00f3 con los voceros de Fuerza Popular.<\/span><\/p>\n","protected":false},"excerpt":{"rendered":"<p>El presidente del Consejo de Ministros, Salvador del Solar, dijo que la reforma constitucional que proh\u00edbe postular a los sentenciados por delito doloso en primera instancia. Lima, 12 Junio 2019, (ANDINA).- El presidente del Consejo de Ministros, Salvador del Solar, dijo que la reforma constitucional que proh\u00edbe postular a los sentenciados por delito doloso en [&hellip;]<\/p>\n","protected":false},"author":1,"featured_media":51198,"comment_status":"open","ping_status":"open","sticky":false,"template":"","format":"standard","meta":{"rop_custom_images_group":[],"rop_custom_messages_group":[],"rop_publish_now":"initial","rop_publish_now_accounts":[],"rop_publish_now_history":[],"rop_publish_now_status":"pending","footnotes":""},"categories":[5],"tags":[189,2317,473],"class_list":["post-51197","post","type-post","status-publish","format-standard","has-post-thumbnail","hentry","category-actualidad-informativa","tag-pcm","tag-presidencia-del-consejo-de-ministros","tag-salvador-del-solar"],"_links":{"self":[{"href":"https:\/\/elinformanteperu.com\/index.php\/wp-json\/wp\/v2\/posts\/51197","targetHints":{"allow":["GET"]}}],"collection":[{"href":"https:\/\/elinformanteperu.com\/index.php\/wp-json\/wp\/v2\/posts"}],"about":[{"href":"https:\/\/elinformanteperu.com\/index.php\/wp-json\/wp\/v2\/types\/post"}],"author":[{"embeddable":true,"href":"https:\/\/elinformanteperu.com\/index.php\/wp-json\/wp\/v2\/users\/1"}],"replies":[{"embeddable":true,"href":"https:\/\/elinformanteperu.com\/index.php\/wp-json\/wp\/v2\/comments?post=51197"}],"version-history":[{"count":1,"href":"https:\/\/elinformanteperu.com\/index.php\/wp-json\/wp\/v2\/posts\/51197\/revisions"}],"predecessor-version":[{"id":51199,"href":"https:\/\/elinformanteperu.com\/index.php\/wp-json\/wp\/v2\/posts\/51197\/revisions\/51199"}],"wp:featuredmedia":[{"embeddable":true,"href":"https:\/\/elinformanteperu.com\/index.php\/wp-json\/wp\/v2\/media\/51198"}],"wp:attachment":[{"href":"https:\/\/elinformanteperu.com\/index.php\/wp-json\/wp\/v2\/media?parent=51197"}],"wp:term":[{"taxonomy":"category","embeddable":true,"href":"https:\/\/elinformanteperu.com\/index.php\/wp-json\/wp\/v2\/categories?post=51197"},{"taxonomy":"post_tag","embeddable":true,"href":"https:\/\/elinformanteperu.com\/index.php\/wp-json\/wp\/v2\/tags?post=51197"}],"curies":[{"name":"wp","href":"https:\/\/api.w.org\/{rel}","templated":true}]}}