{"id":51195,"date":"2019-06-12T22:50:41","date_gmt":"2019-06-13T03:50:41","guid":{"rendered":"http:\/\/elinformanteperu.com\/?p=51195"},"modified":"2019-06-13T00:06:39","modified_gmt":"2019-06-13T05:06:39","slug":"pleno-del-congreso-sesionara-este-viernes","status":"publish","type":"post","link":"https:\/\/elinformanteperu.com\/index.php\/2019\/06\/12\/pleno-del-congreso-sesionara-este-viernes\/","title":{"rendered":"Pleno del Congreso sesionar\u00e1 este viernes"},"content":{"rendered":"<p><strong><span style=\"color: #000000;\">El presidente del Congreso, Daniel Salaverry, convoc\u00f3 para el viernes 14 de junio una sesi\u00f3n plenaria un d\u00eda antes de que acabe la actual legislatura.<\/span><\/strong><\/p>\n<p><span style=\"color: #000000;\"><strong>Lima, 12 Junio 2019, (ANDINA).-<\/strong> El presidente del Congreso, Daniel Salaverry, convoc\u00f3 para el viernes 14 de junio una sesi\u00f3n plenaria un d\u00eda antes de que acabe la actual legislatura.<\/span><\/p>\n<p><span style=\"color: #000000;\">El periodo de sesiones culminar\u00e1, seg\u00fan el Reglamento del Congreso, el pr\u00f3ximo 15 de junio.<\/span><\/p>\n<p><span style=\"color: #000000;\">De esta manera, el oficial mayor del Parlamento, Gianmarco Paz Mendoza, inform\u00f3 a los legisladores que la sesi\u00f3n del pleno se celebrar\u00e1 a las 09:00 horas, en el hemiciclo de la sede del Poder Legislativo.<\/span><\/p>\n<p><span style=\"color: #000000;\">Al respecto, congresistas de diversas bancadas expresaron su sorpresa por el cambio de d\u00eda para la sesi\u00f3n del pleno, teniendo en cuenta que normalmente se efect\u00faa los jueves.<\/span><\/p>\n<p><span style=\"color: #000000;\">En ese sentido, el vocero de Alianza para el Progreso, C\u00e9sar V\u00e1squez, expres\u00f3 que no existe una explicaci\u00f3n para el repentino cambio y que tambi\u00e9n llama la atenci\u00f3n que no se convocara a la Junta de Portavoces.<\/span><\/p>\n<p><span style=\"color: #000000;\">\u00abNo conocemos la raz\u00f3n del cambio que se est\u00e1 haciendo, yo soy portavoz de mi bancada y no me informaron nada\u00bb, asegur\u00f3.<\/span><\/p>\n<p><iframe title=\"S\u00e1nchez sobre Salaverry: \u201cSi medida cautelar prospera es un mal precedente\u201d\" width=\"615\" height=\"346\" src=\"https:\/\/www.youtube.com\/embed\/2DZgysPE53k?feature=oembed\" frameborder=\"0\" allow=\"accelerometer; autoplay; clipboard-write; encrypted-media; gyroscope; picture-in-picture; web-share\" referrerpolicy=\"strict-origin-when-cross-origin\" allowfullscreen><\/iframe><\/p>\n","protected":false},"excerpt":{"rendered":"<p>El presidente del Congreso, Daniel Salaverry, convoc\u00f3 para el viernes 14 de junio una sesi\u00f3n plenaria un d\u00eda antes de que acabe la actual legislatura. Lima, 12 Junio 2019, (ANDINA).- El presidente del Congreso, Daniel Salaverry, convoc\u00f3 para el viernes 14 de junio una sesi\u00f3n plenaria un d\u00eda antes de que acabe la actual legislatura. [&hellip;]<\/p>\n","protected":false},"author":1,"featured_media":40973,"comment_status":"open","ping_status":"open","sticky":false,"template":"","format":"standard","meta":{"rop_custom_images_group":[],"rop_custom_messages_group":[],"rop_publish_now":"initial","rop_publish_now_accounts":[],"rop_publish_now_history":[],"rop_publish_now_status":"pending","footnotes":""},"categories":[5],"tags":[192,858],"class_list":["post-51195","post","type-post","status-publish","format-standard","has-post-thumbnail","hentry","category-actualidad-informativa","tag-congreso","tag-daniel-salaverry"],"_links":{"self":[{"href":"https:\/\/elinformanteperu.com\/index.php\/wp-json\/wp\/v2\/posts\/51195","targetHints":{"allow":["GET"]}}],"collection":[{"href":"https:\/\/elinformanteperu.com\/index.php\/wp-json\/wp\/v2\/posts"}],"about":[{"href":"https:\/\/elinformanteperu.com\/index.php\/wp-json\/wp\/v2\/types\/post"}],"author":[{"embeddable":true,"href":"https:\/\/elinformanteperu.com\/index.php\/wp-json\/wp\/v2\/users\/1"}],"replies":[{"embeddable":true,"href":"https:\/\/elinformanteperu.com\/index.php\/wp-json\/wp\/v2\/comments?post=51195"}],"version-history":[{"count":2,"href":"https:\/\/elinformanteperu.com\/index.php\/wp-json\/wp\/v2\/posts\/51195\/revisions"}],"predecessor-version":[{"id":51221,"href":"https:\/\/elinformanteperu.com\/index.php\/wp-json\/wp\/v2\/posts\/51195\/revisions\/51221"}],"wp:featuredmedia":[{"embeddable":true,"href":"https:\/\/elinformanteperu.com\/index.php\/wp-json\/wp\/v2\/media\/40973"}],"wp:attachment":[{"href":"https:\/\/elinformanteperu.com\/index.php\/wp-json\/wp\/v2\/media?parent=51195"}],"wp:term":[{"taxonomy":"category","embeddable":true,"href":"https:\/\/elinformanteperu.com\/index.php\/wp-json\/wp\/v2\/categories?post=51195"},{"taxonomy":"post_tag","embeddable":true,"href":"https:\/\/elinformanteperu.com\/index.php\/wp-json\/wp\/v2\/tags?post=51195"}],"curies":[{"name":"wp","href":"https:\/\/api.w.org\/{rel}","templated":true}]}}