{"id":51167,"date":"2019-06-12T21:24:25","date_gmt":"2019-06-13T02:24:25","guid":{"rendered":"http:\/\/elinformanteperu.com\/?p=51167"},"modified":"2019-06-12T21:24:44","modified_gmt":"2019-06-13T02:24:44","slug":"ministra-pide-a-personas-con-fuertes-resfrios-o-diarreas-evitar-ir-al-colegio-o-trabajo","status":"publish","type":"post","link":"https:\/\/elinformanteperu.com\/index.php\/2019\/06\/12\/ministra-pide-a-personas-con-fuertes-resfrios-o-diarreas-evitar-ir-al-colegio-o-trabajo\/","title":{"rendered":"Ministra pide a personas con fuertes resfrios o diarreas evitar ir al colegio o trabajo"},"content":{"rendered":"<p><strong><span style=\"color: #000000;\">La ministra de Salud, Zulema Tom\u00e1s, pidi\u00f3 a las personas que atraviesan por fuertes enfermedades respiratorias o diarr\u00e9icas evitar ir al colegio o al trabajo y extremar las medidas de prevenci\u00f3n.<\/span><\/strong><\/p>\n<p><span style=\"color: #000000;\"><strong>Lima, 12 Junio 2019, (ANDINA).-<\/strong> La ministra de Salud, Zulema Tom\u00e1s, pidi\u00f3 hoy a las personas que atraviesan por fuertes enfermedades respiratorias o diarr\u00e9icas evitar ir al colegio o al trabajo y extremar las medidas de prevenci\u00f3n para evitar el contagio de los dem\u00e1s, dado que los casos reportados del s\u00edndrome Guillain-Barr\u00e9 han estado vinculados previamente con dichas afecciones.<\/span><\/p>\n<p><span style=\"color: #000000;\">En la conferencia de prensa ofrecida esta tarde tras el Consejo de Ministros, Tom\u00e1s dijo que si bien se desconocen las causas directas del Guillain-Barr\u00e9, a lo largo de las semanas se ha observado que los pacientes atacados con esta enfermedad autoinmune tuvieron 10 o 20 d\u00edas antes enfermedades respiratorias o digestivas.<\/span><\/p>\n<p><span style=\"color: #000000;\">\u00abLo que pasa es que el cuerpo se vuelve susceptible con estos males, las defensas bajas y por eso es mejor que si alguien est\u00e1 muy resfriado o con una fuerte diarrea evite ir al colegio o al trabajo para evitar que contagie a otros\u00bb, apunt\u00f3.<\/span><\/p>\n<p><span style=\"color: #000000;\">Tambi\u00e9n se\u00f1al\u00f3 que preferentemente los pacientes deber\u00edan acudir a los establecimientos de salud p\u00fablicos, dado que el tratamiento del Guillain-Barr\u00e9 implica necesariamente una hospitalizaci\u00f3n y el costo es muy elevado, aunque los gastos los asume el Estado.<\/span><\/p>\n<p><span style=\"color: #000000;\">Record\u00f3 que el gobierno emiti\u00f3 una norma destinado mayor presupuesto para el tratamiento de este mal, raz\u00f3n por la cual los insumos m\u00e9dicos y la atenci\u00f3n est\u00e1n totalmente cubiertos.<\/span><\/p>\n<p><span style=\"color: #000000;\">La titular de Salud recalc\u00f3 que el s\u00edndrome no se contagia pero que la prevenci\u00f3n es muy importante y pasa por el lavado de manos antes de ingerir alimentos y despu\u00e9s de usar los servicios higi\u00e9nicos.<\/span><\/p>\n<p><span style=\"color: #000000;\">Igualmente, explic\u00f3 que esta enfermad autoinmune empieza con el adormecimiento de los miembros inferiores y sube hasta los superiores, debilitando la respiraci\u00f3n.<\/span><\/p>\n<p><span style=\"color: #000000;\">\u00abCuando tengo hormigueo en el pie, no me puedo poner los zapatos, no puedo subir escalera, y va subiendo a los miembros inferiores, no puedo coger vaso, lapicero, all\u00ed es cuando debemos acudir al hospital\u00bb.<\/span><\/p>\n","protected":false},"excerpt":{"rendered":"<p>La ministra de Salud, Zulema Tom\u00e1s, pidi\u00f3 a las personas que atraviesan por fuertes enfermedades respiratorias o diarr\u00e9icas evitar ir al colegio o al trabajo y extremar las medidas de prevenci\u00f3n. Lima, 12 Junio 2019, (ANDINA).- La ministra de Salud, Zulema Tom\u00e1s, pidi\u00f3 hoy a las personas que atraviesan por fuertes enfermedades respiratorias o diarr\u00e9icas [&hellip;]<\/p>\n","protected":false},"author":1,"featured_media":51168,"comment_status":"open","ping_status":"open","sticky":false,"template":"","format":"standard","meta":{"rop_custom_images_group":[],"rop_custom_messages_group":[],"rop_publish_now":"initial","rop_publish_now_accounts":[],"rop_publish_now_history":[],"rop_publish_now_status":"pending","footnotes":""},"categories":[10],"tags":[3121,388,431,4017],"class_list":["post-51167","post","type-post","status-publish","format-standard","has-post-thumbnail","hentry","category-actualidad-municipal","tag-guillain-barre","tag-ministerio-de-salud","tag-minsa","tag-zulema-tomas-gonzales"],"_links":{"self":[{"href":"https:\/\/elinformanteperu.com\/index.php\/wp-json\/wp\/v2\/posts\/51167","targetHints":{"allow":["GET"]}}],"collection":[{"href":"https:\/\/elinformanteperu.com\/index.php\/wp-json\/wp\/v2\/posts"}],"about":[{"href":"https:\/\/elinformanteperu.com\/index.php\/wp-json\/wp\/v2\/types\/post"}],"author":[{"embeddable":true,"href":"https:\/\/elinformanteperu.com\/index.php\/wp-json\/wp\/v2\/users\/1"}],"replies":[{"embeddable":true,"href":"https:\/\/elinformanteperu.com\/index.php\/wp-json\/wp\/v2\/comments?post=51167"}],"version-history":[{"count":1,"href":"https:\/\/elinformanteperu.com\/index.php\/wp-json\/wp\/v2\/posts\/51167\/revisions"}],"predecessor-version":[{"id":51169,"href":"https:\/\/elinformanteperu.com\/index.php\/wp-json\/wp\/v2\/posts\/51167\/revisions\/51169"}],"wp:featuredmedia":[{"embeddable":true,"href":"https:\/\/elinformanteperu.com\/index.php\/wp-json\/wp\/v2\/media\/51168"}],"wp:attachment":[{"href":"https:\/\/elinformanteperu.com\/index.php\/wp-json\/wp\/v2\/media?parent=51167"}],"wp:term":[{"taxonomy":"category","embeddable":true,"href":"https:\/\/elinformanteperu.com\/index.php\/wp-json\/wp\/v2\/categories?post=51167"},{"taxonomy":"post_tag","embeddable":true,"href":"https:\/\/elinformanteperu.com\/index.php\/wp-json\/wp\/v2\/tags?post=51167"}],"curies":[{"name":"wp","href":"https:\/\/api.w.org\/{rel}","templated":true}]}}