{"id":51164,"date":"2019-06-12T21:19:00","date_gmt":"2019-06-13T02:19:00","guid":{"rendered":"http:\/\/elinformanteperu.com\/?p=51164"},"modified":"2019-06-12T21:19:00","modified_gmt":"2019-06-13T02:19:00","slug":"magdalena-oleaje-se-lleva-mas-de-500-metros-de-malecon","status":"publish","type":"post","link":"https:\/\/elinformanteperu.com\/index.php\/2019\/06\/12\/magdalena-oleaje-se-lleva-mas-de-500-metros-de-malecon\/","title":{"rendered":"Magdalena: oleaje se lleva m\u00e1s de 500 metros de malec\u00f3n"},"content":{"rendered":"<p><strong><span style=\"color: #000000;\">Como consecuencia del fuerte oleaje que se viene presentando, m\u00e1s de 500 metros del malec\u00f3n de la Costa Verde correspondientes a Magdalena del Mar se han venido abajo debido a la falta de defensa ribere\u00f1a.<\/span><\/strong><\/p>\n<p><span style=\"color: #000000;\"><strong>Lima, 12 Junio 2019, (ANDINA).-<\/strong> Como consecuencia del fuerte oleaje que se viene presentando desde hace semanas en el litoral, m\u00e1s de 500 metros del malec\u00f3n de la Costa Verde correspondientes a Magdalena del Mar se han venido abajo debido a la falta de defensa ribere\u00f1a, hecho que pone en riesgo la seguridad e integridad de los deportistas y transe\u00fantes.<\/span><\/p>\n<p><span style=\"color: #000000;\">Ante ello, el alcalde del distrito Carlomagno Chac\u00f3n invoc\u00f3 tanto a la Municipalidad de Lima como al Ministerio de Vivienda, para que se conforme una mesa de trabajo donde tomen las medidas inmediatas de emergencia en materia de prevenci\u00f3n y seguridad que se requieren en esta zona. <\/span><\/p>\n<p><span style=\"color: #000000;\">En un oficio remitido a EMAPE, la Gerencia de Desarrollo Urbano y Obras de la comuna de Magdalena informa sobre el deslizamiento de tierras costeras debido a los fuertes oleajes an\u00f3malos, hecho que pone en serio riesgo la vida de los visitantes, el mobiliario urbano y la infraestructura deportiva y de recreaci\u00f3n.<\/span><\/p>\n<p><span style=\"color: #000000;\">\u201cComo municipalidad distrital no contamos con los recursos econ\u00f3micos para asumir el financiamiento de una intervenci\u00f3n t\u00e9cnica cuyo costo supera los 10 millones de soles, a trav\u00e9s de la construcci\u00f3n de defensas ribere\u00f1as y enrocados que evitar\u00edan contin\u00faen los deslizamientos\u201d, manifest\u00f3 Chac\u00f3n.<\/span><\/p>\n<p><span style=\"color: #000000;\">El oleaje se ha llevado hasta el momento \u00e1reas donde se ubicaban p\u00e9rgolas, bancas, papeleras y veredas. Son aproximadamente 500 metros de ribera que han quedado expuestas a la marea y que corren el riesgo inmediato de seguir cayendo.<\/span><\/p>\n<p><span style=\"color: #000000;\">Como medida de prevenci\u00f3n la comuna de Magdalena ha procedido a cercar con cinta la zona e instalar carteles para evitar que las personas se acerquen y pongan en riesgo su seguridad. Adem\u00e1s, se cuenta con personal de Serenazgo permanente.<\/span><\/p>\n<p><span style=\"color: #000000;\">Cabe se\u00f1alar que la obra de construcci\u00f3n del malec\u00f3n en este tramo de la Costa Verde fue ejecutada por la Municipalidad de Lima entre 2012 y 2014, durante la gesti\u00f3n de la alcaldesa Susana Villar\u00e1n, a un costo de cerca de 35 millones de soles.<\/span><\/p>\n<p><strong><span style=\"color: #000000;\">Datos<\/span><\/strong><\/p>\n<p><span style=\"color: #000000;\">\u00b7 Magdalena del Mar cuenta con m\u00e1s de 2 kil\u00f3metros correspondientes a su jurisdicci\u00f3n en la Costa Verde.<\/span><\/p>\n<p><span style=\"color: #000000;\">\u00b7 Las intervenciones de contenci\u00f3n de la marea que se requieren en esta zona generar\u00edan la seguridad y durabilidad en esta parte del litoral.<\/span><\/p>\n<p><span style=\"color: #000000;\">\u00b7 Las zonas afectadas se encuentran a solo 1 kil\u00f3metro de donde se ubicar\u00e1 una de las sedes de los pr\u00f3ximos Juegos Panamericanos, precisamente en el distrito de San Miguel.<\/span><\/p>\n","protected":false},"excerpt":{"rendered":"<p>Como consecuencia del fuerte oleaje que se viene presentando, m\u00e1s de 500 metros del malec\u00f3n de la Costa Verde correspondientes a Magdalena del Mar se han venido abajo debido a la falta de defensa ribere\u00f1a. Lima, 12 Junio 2019, (ANDINA).- Como consecuencia del fuerte oleaje que se viene presentando desde hace semanas en el litoral, [&hellip;]<\/p>\n","protected":false},"author":1,"featured_media":51165,"comment_status":"open","ping_status":"open","sticky":false,"template":"","format":"standard","meta":{"rop_custom_images_group":[],"rop_custom_messages_group":[],"rop_publish_now":"initial","rop_publish_now_accounts":[],"rop_publish_now_history":[],"rop_publish_now_status":"pending","footnotes":""},"categories":[10],"tags":[4148,4545,3880,1692],"class_list":["post-51164","post","type-post","status-publish","format-standard","has-post-thumbnail","hentry","category-actualidad-municipal","tag-carlomagno-chacon","tag-emape","tag-magdalena-del-mar","tag-municipalidad-de-magdalena-del-mar"],"_links":{"self":[{"href":"https:\/\/elinformanteperu.com\/index.php\/wp-json\/wp\/v2\/posts\/51164","targetHints":{"allow":["GET"]}}],"collection":[{"href":"https:\/\/elinformanteperu.com\/index.php\/wp-json\/wp\/v2\/posts"}],"about":[{"href":"https:\/\/elinformanteperu.com\/index.php\/wp-json\/wp\/v2\/types\/post"}],"author":[{"embeddable":true,"href":"https:\/\/elinformanteperu.com\/index.php\/wp-json\/wp\/v2\/users\/1"}],"replies":[{"embeddable":true,"href":"https:\/\/elinformanteperu.com\/index.php\/wp-json\/wp\/v2\/comments?post=51164"}],"version-history":[{"count":1,"href":"https:\/\/elinformanteperu.com\/index.php\/wp-json\/wp\/v2\/posts\/51164\/revisions"}],"predecessor-version":[{"id":51166,"href":"https:\/\/elinformanteperu.com\/index.php\/wp-json\/wp\/v2\/posts\/51164\/revisions\/51166"}],"wp:featuredmedia":[{"embeddable":true,"href":"https:\/\/elinformanteperu.com\/index.php\/wp-json\/wp\/v2\/media\/51165"}],"wp:attachment":[{"href":"https:\/\/elinformanteperu.com\/index.php\/wp-json\/wp\/v2\/media?parent=51164"}],"wp:term":[{"taxonomy":"category","embeddable":true,"href":"https:\/\/elinformanteperu.com\/index.php\/wp-json\/wp\/v2\/categories?post=51164"},{"taxonomy":"post_tag","embeddable":true,"href":"https:\/\/elinformanteperu.com\/index.php\/wp-json\/wp\/v2\/tags?post=51164"}],"curies":[{"name":"wp","href":"https:\/\/api.w.org\/{rel}","templated":true}]}}