{"id":5091,"date":"2017-01-26T00:49:27","date_gmt":"2017-01-26T05:49:27","guid":{"rendered":"http:\/\/elinformanteperu.com\/?p=5091"},"modified":"2017-01-26T00:49:27","modified_gmt":"2017-01-26T05:49:27","slug":"gobierno-declara-en-emergencia-region-ica-por-60-dias","status":"publish","type":"post","link":"https:\/\/elinformanteperu.com\/index.php\/2017\/01\/26\/gobierno-declara-en-emergencia-region-ica-por-60-dias\/","title":{"rendered":"Gobierno declara en emergencia regi\u00f3n Ica por 60 d\u00edas"},"content":{"rendered":"<p><strong>El Consejo de Ministros acord\u00f3 declarar en emergencia a la regi\u00f3n Ica a ra\u00edz de las constantes lluvias y huaicos que vienen afectando la zona.<\/strong><\/p>\n<p><strong>Lima, 25 Enero 2017, (ANDINA).-<\/strong> El Consejo de Ministros acord\u00f3 declarar en emergencia a la regi\u00f3n Ica a ra\u00edz de las constantes lluvias y huaicos que vienen afectando la zona, inform\u00f3 el jefe del Gabinete, Fernando Zavala.<\/p>\n<p>Precis\u00f3 que el estado de emergencia permitir\u00e1 al gobierno tomar acciones inmediatas y necesarias para responder a la urgencia y atender a los damnificados.<\/p>\n<p>Destac\u00f3, adem\u00e1s, que el ministro de Defensa, Jorge Nieto, ha viajado a Ica con la finalidad de apoyar desde el lugar de los hechos las labores de asistencia a los damnificados.<\/p>\n<p>\u201cEl ministro ha partido a dicha zona para estar cerca y apoyar a las autoridades regionales y locales a enfrentar esta emergencia\u00bb, afirm\u00f3 en conferencia de prensa.<\/p>\n<p>Zavala detall\u00f3 que los distritos declarados en emergencia en la provincia de Ica son San Juan de los Molinos, La Tingui\u00f1a, Marcona, Ica, Agua del Rosario y Ocucaje.<\/p>\n<p>En tanto en Nazca son Palpa, Santa Cruz, R\u00edo Grande y Llipita, a los que se agrega Humay de la provincia de Pisco.<\/p>\n<p>\u201cEsta declaratoria de emergencia permitir\u00e1 la ejecuci\u00f3n de acciones inmediatas y necesarias en respuesta a esta situaci\u00f3n de la naturaleza\u201d, asever\u00f3 a la prensa luego de culminar la sesi\u00f3n del Consejo de Ministros.<\/p>\n","protected":false},"excerpt":{"rendered":"<p>El Consejo de Ministros acord\u00f3 declarar en emergencia a la regi\u00f3n Ica a ra\u00edz de las constantes lluvias y huaicos que vienen afectando la zona. Lima, 25 Enero 2017, (ANDINA).- El Consejo de Ministros acord\u00f3 declarar en emergencia a la regi\u00f3n Ica a ra\u00edz de las constantes lluvias y huaicos que vienen afectando la zona, [&hellip;]<\/p>\n","protected":false},"author":1,"featured_media":2883,"comment_status":"open","ping_status":"open","sticky":false,"template":"","format":"standard","meta":{"rop_custom_images_group":[],"rop_custom_messages_group":[],"rop_publish_now":"initial","rop_publish_now_accounts":[],"rop_publish_now_history":[],"rop_publish_now_status":"pending","footnotes":""},"categories":[10],"tags":[75,857],"class_list":["post-5091","post","type-post","status-publish","format-standard","has-post-thumbnail","hentry","category-actualidad-municipal","tag-fernando-zavala","tag-huaico"],"_links":{"self":[{"href":"https:\/\/elinformanteperu.com\/index.php\/wp-json\/wp\/v2\/posts\/5091","targetHints":{"allow":["GET"]}}],"collection":[{"href":"https:\/\/elinformanteperu.com\/index.php\/wp-json\/wp\/v2\/posts"}],"about":[{"href":"https:\/\/elinformanteperu.com\/index.php\/wp-json\/wp\/v2\/types\/post"}],"author":[{"embeddable":true,"href":"https:\/\/elinformanteperu.com\/index.php\/wp-json\/wp\/v2\/users\/1"}],"replies":[{"embeddable":true,"href":"https:\/\/elinformanteperu.com\/index.php\/wp-json\/wp\/v2\/comments?post=5091"}],"version-history":[{"count":1,"href":"https:\/\/elinformanteperu.com\/index.php\/wp-json\/wp\/v2\/posts\/5091\/revisions"}],"predecessor-version":[{"id":5092,"href":"https:\/\/elinformanteperu.com\/index.php\/wp-json\/wp\/v2\/posts\/5091\/revisions\/5092"}],"wp:featuredmedia":[{"embeddable":true,"href":"https:\/\/elinformanteperu.com\/index.php\/wp-json\/wp\/v2\/media\/2883"}],"wp:attachment":[{"href":"https:\/\/elinformanteperu.com\/index.php\/wp-json\/wp\/v2\/media?parent=5091"}],"wp:term":[{"taxonomy":"category","embeddable":true,"href":"https:\/\/elinformanteperu.com\/index.php\/wp-json\/wp\/v2\/categories?post=5091"},{"taxonomy":"post_tag","embeddable":true,"href":"https:\/\/elinformanteperu.com\/index.php\/wp-json\/wp\/v2\/tags?post=5091"}],"curies":[{"name":"wp","href":"https:\/\/api.w.org\/{rel}","templated":true}]}}