{"id":50711,"date":"2019-06-06T21:54:05","date_gmt":"2019-06-07T02:54:05","guid":{"rendered":"http:\/\/elinformanteperu.com\/?p=50711"},"modified":"2019-06-07T00:30:55","modified_gmt":"2019-06-07T05:30:55","slug":"desde-el-15-de-junio-venezolanos-solo-ingresaran-al-peru-con-pasaporte-y-visa-humanitaria","status":"publish","type":"post","link":"https:\/\/elinformanteperu.com\/index.php\/2019\/06\/06\/desde-el-15-de-junio-venezolanos-solo-ingresaran-al-peru-con-pasaporte-y-visa-humanitaria\/","title":{"rendered":"Desde el 15 de junio, venezolanos solo ingresar\u00e1n al Per\u00fa con pasaporte y visa humanitaria"},"content":{"rendered":"<p><strong><span style=\"color: #000000;\">El presidente Mart\u00edn Vizcarra anunci\u00f3 que, a partir del 15 de junio, los ciudadanos venezolanos solo podr\u00e1n ingresar a territorio nacional con pasaporte y visa humanitaria.<\/span><\/strong><\/p>\n<p><span style=\"color: #000000;\"><strong>Lima, 06 Junio 2019, (ANDINA).-<\/strong> El presidente Mart\u00edn Vizcarra anunci\u00f3 que, a partir del 15 de junio, los ciudadanos venezolanos solo podr\u00e1n ingresar a territorio nacional con pasaporte y visa humanitaria.<\/span><\/p>\n<p><span style=\"color: #000000;\">Se\u00f1al\u00f3 que dicha medida busca garantizar una migraci\u00f3n \u00absegura y ordenada\u00bb. Mencion\u00f3 que la visa humanitaria debe ser tramitada en los consulados de Per\u00fa en Caracas.<\/span><\/p>\n<p><span style=\"color: #000000;\">\u00abEl Per\u00fa tiene una larga tradici\u00f3n de acoger de manera humanitaria a ciudadanos de otros pa\u00edses, pero tambi\u00e9n como pa\u00eds tenemos la obligaci\u00f3n de velar por la seguridad, tranquilidad y paz de todos peruanos\u00bb, manifest\u00f3<\/span><\/p>\n<p><span style=\"color: #000000;\">El jefe del Estado ofreci\u00f3 estas declaraciones tras supervisar la expulsi\u00f3n de un tercer grupo de ciudadanos venezolanos con antecedentes policiales y\/o penales que ingres\u00f3 al Per\u00fa falseando su informaci\u00f3n migratoria.<\/span><\/p>\n<p><span style=\"color: #000000;\">El mandatario dijo que la medida se adopta en aplicaci\u00f3n del art\u00edculo 58 de la Ley y Reglamento de Migraciones.<\/span><\/p>\n<p><span style=\"color: #000000;\">Precis\u00f3 que ya suman 140 ciudadanos venezolanos, incluidas mujeres, que fueron detenidos en diversas regiones de nuestro pa\u00eds que retornaron a su tierra.<\/span><\/p>\n<p><img fetchpriority=\"high\" decoding=\"async\" class=\"aligncenter size-full wp-image-50713\" src=\"http:\/\/elinformanteperu.com\/wp-content\/uploads\/2019\/06\/vizcarra-expulsion-venezolanos1.jpg\" alt=\"\" width=\"1800\" height=\"1200\" srcset=\"https:\/\/elinformanteperu.com\/wp-content\/uploads\/2019\/06\/vizcarra-expulsion-venezolanos1.jpg 1800w, https:\/\/elinformanteperu.com\/wp-content\/uploads\/2019\/06\/vizcarra-expulsion-venezolanos1-300x200.jpg 300w, https:\/\/elinformanteperu.com\/wp-content\/uploads\/2019\/06\/vizcarra-expulsion-venezolanos1-768x512.jpg 768w, https:\/\/elinformanteperu.com\/wp-content\/uploads\/2019\/06\/vizcarra-expulsion-venezolanos1-1024x683.jpg 1024w, https:\/\/elinformanteperu.com\/wp-content\/uploads\/2019\/06\/vizcarra-expulsion-venezolanos1-128x85.jpg 128w, https:\/\/elinformanteperu.com\/wp-content\/uploads\/2019\/06\/vizcarra-expulsion-venezolanos1-32x21.jpg 32w\" sizes=\"(max-width: 1800px) 100vw, 1800px\" \/><\/p>\n<p><span style=\"color: #000000;\">\u00abS\u00ed a abrir los brazos como siempre\u00a0lo ha hecho el Per\u00fa, pero ahora tenemos que ser y vamos a ser rigurosos en el control de personas que ingresan, adem\u00e1s las que han ingresado de manera ilegal ser\u00e1n expulsados\u00bb, expres\u00f3.<\/span><\/p>\n<p><span style=\"color: #000000;\">El jefe de Estado asegur\u00f3 tambi\u00e9n que continuar\u00e1 realizando esfuerzos con otros pa\u00edses de la regi\u00f3n a fin de presionar para que retorne a la democracia.<\/span><\/p>\n<p><span style=\"color: #000000;\">El presidente Mart\u00edn Vizcarra estuvo acompa\u00f1ado del ministro del Interior, Carlos Mor\u00e1n.<\/span><\/p>\n<p><iframe title=\"Presidente Vizcarra: desde el 15 de junio solo podr\u00e1n ingresar venezolanos con pasaporte\" width=\"615\" height=\"346\" src=\"https:\/\/www.youtube.com\/embed\/wvTrFY_l76w?feature=oembed\" frameborder=\"0\" allow=\"accelerometer; autoplay; clipboard-write; encrypted-media; gyroscope; picture-in-picture; web-share\" referrerpolicy=\"strict-origin-when-cross-origin\" allowfullscreen><\/iframe><\/p>\n","protected":false},"excerpt":{"rendered":"<p>El presidente Mart\u00edn Vizcarra anunci\u00f3 que, a partir del 15 de junio, los ciudadanos venezolanos solo podr\u00e1n ingresar a territorio nacional con pasaporte y visa humanitaria. Lima, 06 Junio 2019, (ANDINA).- El presidente Mart\u00edn Vizcarra anunci\u00f3 que, a partir del 15 de junio, los ciudadanos venezolanos solo podr\u00e1n ingresar a territorio nacional con pasaporte y [&hellip;]<\/p>\n","protected":false},"author":1,"featured_media":50712,"comment_status":"open","ping_status":"open","sticky":false,"template":"","format":"standard","meta":{"rop_custom_images_group":[],"rop_custom_messages_group":[],"rop_publish_now":"initial","rop_publish_now_accounts":[],"rop_publish_now_history":[],"rop_publish_now_status":"pending","footnotes":""},"categories":[10],"tags":[289,3798,171],"class_list":["post-50711","post","type-post","status-publish","format-standard","has-post-thumbnail","hentry","category-actualidad-municipal","tag-martin-vizcarra","tag-venezolanos-en-el-peru","tag-venezuela"],"_links":{"self":[{"href":"https:\/\/elinformanteperu.com\/index.php\/wp-json\/wp\/v2\/posts\/50711","targetHints":{"allow":["GET"]}}],"collection":[{"href":"https:\/\/elinformanteperu.com\/index.php\/wp-json\/wp\/v2\/posts"}],"about":[{"href":"https:\/\/elinformanteperu.com\/index.php\/wp-json\/wp\/v2\/types\/post"}],"author":[{"embeddable":true,"href":"https:\/\/elinformanteperu.com\/index.php\/wp-json\/wp\/v2\/users\/1"}],"replies":[{"embeddable":true,"href":"https:\/\/elinformanteperu.com\/index.php\/wp-json\/wp\/v2\/comments?post=50711"}],"version-history":[{"count":2,"href":"https:\/\/elinformanteperu.com\/index.php\/wp-json\/wp\/v2\/posts\/50711\/revisions"}],"predecessor-version":[{"id":50751,"href":"https:\/\/elinformanteperu.com\/index.php\/wp-json\/wp\/v2\/posts\/50711\/revisions\/50751"}],"wp:featuredmedia":[{"embeddable":true,"href":"https:\/\/elinformanteperu.com\/index.php\/wp-json\/wp\/v2\/media\/50712"}],"wp:attachment":[{"href":"https:\/\/elinformanteperu.com\/index.php\/wp-json\/wp\/v2\/media?parent=50711"}],"wp:term":[{"taxonomy":"category","embeddable":true,"href":"https:\/\/elinformanteperu.com\/index.php\/wp-json\/wp\/v2\/categories?post=50711"},{"taxonomy":"post_tag","embeddable":true,"href":"https:\/\/elinformanteperu.com\/index.php\/wp-json\/wp\/v2\/tags?post=50711"}],"curies":[{"name":"wp","href":"https:\/\/api.w.org\/{rel}","templated":true}]}}