{"id":50694,"date":"2019-06-06T20:36:17","date_gmt":"2019-06-07T01:36:17","guid":{"rendered":"http:\/\/elinformanteperu.com\/?p=50694"},"modified":"2019-06-06T20:36:17","modified_gmt":"2019-06-07T01:36:17","slug":"seleccion-peruana-las-mejores-frases-de-ricardo-gareca","status":"publish","type":"post","link":"https:\/\/elinformanteperu.com\/index.php\/2019\/06\/06\/seleccion-peruana-las-mejores-frases-de-ricardo-gareca\/","title":{"rendered":"Selecci\u00f3n peruana: las mejores frases de Ricardo Gareca"},"content":{"rendered":"<p><strong><span style=\"color: #000000;\">Tras el triunfo logrado ante Costa Rica, el entrenador de la selecci\u00f3n peruana, Ricardo Gareca ofreci\u00f3 una conferencia de prensa en la que se refiri\u00f3 a la actuaci\u00f3n de sus dirigidos.<\/span><\/strong><\/p>\n<p><span style=\"color: #000000;\"><strong>Lima, 06 Junio 2019, (ANDINA).-<\/strong> Tras el triunfo logrado ante Costa Rica, el entrenador de la selecci\u00f3n peruana, Ricardo Gareca ofreci\u00f3 una conferencia de prensa en la que se refiri\u00f3 a la actuaci\u00f3n de sus dirigidos y cerr\u00f3 la pol\u00e9mica con el excapit\u00e1n del combinado patrio, Claudio Pizarro.<\/span><\/p>\n<p><span style=\"color: #000000;\"><strong>1.-<\/strong> \u00bb (Christian Cueva) Es un jugador muy importante en todo lo que \u00e9l desarrolla y lo que intenta. Hizo un buen partido teniendo en cuenta que no ha tenido muchos minutos. Es un muchacho muy importante para la Selecci\u00f3n, para el grupo. Lo vemos muy metido para todo lo que se nos viene\u00bb.<\/span><\/p>\n<p><span style=\"color: #000000;\"><strong>2.- <\/strong>\u00abDe acuerdo a lo que me informaron ahora, Luis Adv\u00edncula estar\u00e1 bien para la Copa Am\u00e9rica, de pronto para el partido con Colombia sea mejor que descanse. Luis sali\u00f3 as\u00ed con cuidado para no apoyar mucho el pie. La idea para estos partidos es no arriesgar a nadie\u00bb.<\/span><\/p>\n<p><span style=\"color: #000000;\"><strong>3.-<\/strong> \u00abNo tuvo chances concretas,pero fue bastante \u00fatil para el equipo. Ra\u00fal Ruid\u00edaz me gust\u00f3 en todo el partido\u00bb<\/span><\/p>\n<p><span style=\"color: #000000;\"><strong>4.-<\/strong> \u00abLo de (Claudio) Pizarro es un tema terminado. Tengo mucho respeto, aprecio, admiraci\u00f3n y cari\u00f1o para con \u00e9l. De pronto el tema se magnific\u00f3 y la idea era un poco defender el trabajo de los que est\u00e1n y que a veces siento se desmerece. Pido disculpas por lo que se origin\u00f3\u00bb.<\/span><\/p>\n<p><span style=\"color: #000000;\"><strong>5.-<\/strong> \u00abTodos sabemos lo que Paolo (Guerrero) representa, estamos contentos con \u00e9l. Todos sabemos de su importancia\u00bb.<\/span><\/p>\n<p><span style=\"color: #000000;\"><strong>6.-<\/strong> \u00abChristofer (Gonzales) es un jugador que tenemos conocimiento de \u00e9l hace tiempo, es un jugador que ofrece muchas alternativas de juego en muchas posiciones. Lo vemos como una opci\u00f3n viable en esa posici\u00f3n y en otras m\u00e1s\u00bb.<\/span><\/p>\n<p><span style=\"color: #000000;\"><strong>7.-<\/strong> \u00abTenemos todas las variantes y armas que un equipo necesita\u00bb.<\/span><\/p>\n<p><span style=\"color: #000000;\"><strong>8.-<\/strong> \u00abTodos los partidos de la selecci\u00f3n son muy importantes, pero nuestro objetivo es llegar bien a la Copa Am\u00e9rica\u00bb.<\/span><\/p>\n<p><img fetchpriority=\"high\" decoding=\"async\" class=\"aligncenter size-full wp-image-50590\" src=\"http:\/\/elinformanteperu.com\/wp-content\/uploads\/2019\/06\/peru-costa-rica.jpg\" alt=\"\" width=\"1800\" height=\"1200\" srcset=\"https:\/\/elinformanteperu.com\/wp-content\/uploads\/2019\/06\/peru-costa-rica.jpg 1800w, https:\/\/elinformanteperu.com\/wp-content\/uploads\/2019\/06\/peru-costa-rica-300x200.jpg 300w, https:\/\/elinformanteperu.com\/wp-content\/uploads\/2019\/06\/peru-costa-rica-768x512.jpg 768w, https:\/\/elinformanteperu.com\/wp-content\/uploads\/2019\/06\/peru-costa-rica-1024x683.jpg 1024w, https:\/\/elinformanteperu.com\/wp-content\/uploads\/2019\/06\/peru-costa-rica-128x85.jpg 128w, https:\/\/elinformanteperu.com\/wp-content\/uploads\/2019\/06\/peru-costa-rica-32x21.jpg 32w\" sizes=\"(max-width: 1800px) 100vw, 1800px\" \/><\/p>\n","protected":false},"excerpt":{"rendered":"<p>Tras el triunfo logrado ante Costa Rica, el entrenador de la selecci\u00f3n peruana, Ricardo Gareca ofreci\u00f3 una conferencia de prensa en la que se refiri\u00f3 a la actuaci\u00f3n de sus dirigidos. Lima, 06 Junio 2019, (ANDINA).- Tras el triunfo logrado ante Costa Rica, el entrenador de la selecci\u00f3n peruana, Ricardo Gareca ofreci\u00f3 una conferencia de [&hellip;]<\/p>\n","protected":false},"author":1,"featured_media":50695,"comment_status":"open","ping_status":"open","sticky":false,"template":"","format":"standard","meta":{"rop_custom_images_group":[],"rop_custom_messages_group":[],"rop_publish_now":"initial","rop_publish_now_accounts":[],"rop_publish_now_history":[],"rop_publish_now_status":"pending","footnotes":""},"categories":[8],"tags":[92,137],"class_list":["post-50694","post","type-post","status-publish","format-standard","has-post-thumbnail","hentry","category-disciplinas-deportivas","tag-ricardo-gareca","tag-seleccion-peruana"],"_links":{"self":[{"href":"https:\/\/elinformanteperu.com\/index.php\/wp-json\/wp\/v2\/posts\/50694","targetHints":{"allow":["GET"]}}],"collection":[{"href":"https:\/\/elinformanteperu.com\/index.php\/wp-json\/wp\/v2\/posts"}],"about":[{"href":"https:\/\/elinformanteperu.com\/index.php\/wp-json\/wp\/v2\/types\/post"}],"author":[{"embeddable":true,"href":"https:\/\/elinformanteperu.com\/index.php\/wp-json\/wp\/v2\/users\/1"}],"replies":[{"embeddable":true,"href":"https:\/\/elinformanteperu.com\/index.php\/wp-json\/wp\/v2\/comments?post=50694"}],"version-history":[{"count":1,"href":"https:\/\/elinformanteperu.com\/index.php\/wp-json\/wp\/v2\/posts\/50694\/revisions"}],"predecessor-version":[{"id":50696,"href":"https:\/\/elinformanteperu.com\/index.php\/wp-json\/wp\/v2\/posts\/50694\/revisions\/50696"}],"wp:featuredmedia":[{"embeddable":true,"href":"https:\/\/elinformanteperu.com\/index.php\/wp-json\/wp\/v2\/media\/50695"}],"wp:attachment":[{"href":"https:\/\/elinformanteperu.com\/index.php\/wp-json\/wp\/v2\/media?parent=50694"}],"wp:term":[{"taxonomy":"category","embeddable":true,"href":"https:\/\/elinformanteperu.com\/index.php\/wp-json\/wp\/v2\/categories?post=50694"},{"taxonomy":"post_tag","embeddable":true,"href":"https:\/\/elinformanteperu.com\/index.php\/wp-json\/wp\/v2\/tags?post=50694"}],"curies":[{"name":"wp","href":"https:\/\/api.w.org\/{rel}","templated":true}]}}