{"id":50624,"date":"2019-06-05T23:50:33","date_gmt":"2019-06-06T04:50:33","guid":{"rendered":"http:\/\/elinformanteperu.com\/?p=50624"},"modified":"2019-06-05T23:50:33","modified_gmt":"2019-06-06T04:50:33","slug":"nuevo-peru-pide-vigilar-que-el-congreso-cumpla-su-palabra-y-respalde-reforma","status":"publish","type":"post","link":"https:\/\/elinformanteperu.com\/index.php\/2019\/06\/05\/nuevo-peru-pide-vigilar-que-el-congreso-cumpla-su-palabra-y-respalde-reforma\/","title":{"rendered":"Nuevo Per\u00fa pide vigilar que el Congreso cumpla su palabra y respalde reforma"},"content":{"rendered":"<p><strong><span style=\"color: #000000;\">La congresista de Nuevo Per\u00fa, Marisa Glave, subray\u00f3 que el presidente Mart\u00edn Vizcarra y la ciudadan\u00eda deben vigilar que este poder del Estado cumpla su palabra y respalde la reforma pol\u00edtica.<\/span><\/strong><\/p>\n<p><span style=\"color: #000000;\"><strong>Lima, 05 Junio 2019, (ANDINA).-<\/strong> Tras la decisi\u00f3n del pleno del Congreso de aprobar la cuesti\u00f3n de confianza solicitada por el Poder Ejecutivo, la congresista de Nuevo Per\u00fa, Marisa Glave, subray\u00f3 que el presidente Mart\u00edn Vizcarra y la ciudadan\u00eda deben vigilar que este poder del Estado cumpla su palabra y respalde la reforma pol\u00edtica.<\/span><\/p>\n<p><span style=\"color: #000000;\">En conferencia de prensa junto a su bancada, explic\u00f3 que el pleno del Congreso dio su confianza, con el apoyo de una mayor\u00eda parlamentaria que bloque\u00f3 sistem\u00e1ticamente la reforma pol\u00edtica.<\/span><\/p>\n<p><span style=\"color: #000000;\">\u00abOjal\u00e1 el presidente de la Rep\u00fablica, Mart\u00edn Vizcarra, y sobretodo la ciudadan\u00eda movilizada y organizada, exija que este Parlamento cumpla con su palabra; nosotros estaremos pendientes\u00bb, manifest\u00f3.<\/span><\/p>\n<p><span style=\"color: #000000;\">Glave agreg\u00f3 que la bancada fujimorista de Fuerza Popular, que controla la Comisi\u00f3n de Constituci\u00f3n, se mostr\u00f3 en contra de modificar las normas para impedir el ingreso del \u00abdinero sucio\u00bb a las campa\u00f1as pol\u00edticas y promover una real democracia interna en los partidos.<\/span><\/p>\n<p><span style=\"color: #000000;\">Adem\u00e1s, dijo que tambi\u00e9n impidi\u00f3 modificar el proceso de levantamiento de inmunidad parlamentaria.<\/span><\/p>\n","protected":false},"excerpt":{"rendered":"<p>La congresista de Nuevo Per\u00fa, Marisa Glave, subray\u00f3 que el presidente Mart\u00edn Vizcarra y la ciudadan\u00eda deben vigilar que este poder del Estado cumpla su palabra y respalde la reforma pol\u00edtica. Lima, 05 Junio 2019, (ANDINA).- Tras la decisi\u00f3n del pleno del Congreso de aprobar la cuesti\u00f3n de confianza solicitada por el Poder Ejecutivo, la [&hellip;]<\/p>\n","protected":false},"author":1,"featured_media":50625,"comment_status":"open","ping_status":"open","sticky":false,"template":"","format":"standard","meta":{"rop_custom_images_group":[],"rop_custom_messages_group":[],"rop_publish_now":"initial","rop_publish_now_accounts":[],"rop_publish_now_history":[],"rop_publish_now_status":"pending","footnotes":""},"categories":[5],"tags":[192,4474,299],"class_list":["post-50624","post","type-post","status-publish","format-standard","has-post-thumbnail","hentry","category-actualidad-informativa","tag-congreso","tag-cuestion-de-confianza","tag-marisa-glave"],"_links":{"self":[{"href":"https:\/\/elinformanteperu.com\/index.php\/wp-json\/wp\/v2\/posts\/50624","targetHints":{"allow":["GET"]}}],"collection":[{"href":"https:\/\/elinformanteperu.com\/index.php\/wp-json\/wp\/v2\/posts"}],"about":[{"href":"https:\/\/elinformanteperu.com\/index.php\/wp-json\/wp\/v2\/types\/post"}],"author":[{"embeddable":true,"href":"https:\/\/elinformanteperu.com\/index.php\/wp-json\/wp\/v2\/users\/1"}],"replies":[{"embeddable":true,"href":"https:\/\/elinformanteperu.com\/index.php\/wp-json\/wp\/v2\/comments?post=50624"}],"version-history":[{"count":1,"href":"https:\/\/elinformanteperu.com\/index.php\/wp-json\/wp\/v2\/posts\/50624\/revisions"}],"predecessor-version":[{"id":50626,"href":"https:\/\/elinformanteperu.com\/index.php\/wp-json\/wp\/v2\/posts\/50624\/revisions\/50626"}],"wp:featuredmedia":[{"embeddable":true,"href":"https:\/\/elinformanteperu.com\/index.php\/wp-json\/wp\/v2\/media\/50625"}],"wp:attachment":[{"href":"https:\/\/elinformanteperu.com\/index.php\/wp-json\/wp\/v2\/media?parent=50624"}],"wp:term":[{"taxonomy":"category","embeddable":true,"href":"https:\/\/elinformanteperu.com\/index.php\/wp-json\/wp\/v2\/categories?post=50624"},{"taxonomy":"post_tag","embeddable":true,"href":"https:\/\/elinformanteperu.com\/index.php\/wp-json\/wp\/v2\/tags?post=50624"}],"curies":[{"name":"wp","href":"https:\/\/api.w.org\/{rel}","templated":true}]}}