{"id":50512,"date":"2019-06-04T21:33:22","date_gmt":"2019-06-05T02:33:22","guid":{"rendered":"http:\/\/elinformanteperu.com\/?p=50512"},"modified":"2019-06-04T21:33:22","modified_gmt":"2019-06-05T02:33:22","slug":"disuelven-concertacion-parlamentaria-y-se-forma-bancada-accion-republicana","status":"publish","type":"post","link":"https:\/\/elinformanteperu.com\/index.php\/2019\/06\/04\/disuelven-concertacion-parlamentaria-y-se-forma-bancada-accion-republicana\/","title":{"rendered":"Disuelven Concertaci\u00f3n Parlamentaria y se forma bancada Acci\u00f3n Republicana"},"content":{"rendered":"<p><strong><span style=\"color: #000000;\">Cinco congresistas solicitaron la inscripci\u00f3n de la nueva bancada denominada Acci\u00f3n Rep\u00fablicana, formada con integrantes del grupo Concertaci\u00f3n Parlamentaria.<\/span><\/strong><\/p>\n<p><span style=\"color: #000000;\"><strong>Lima, 04 Junio 2019, (ANDINA).-<\/strong> La bancada Acci\u00f3n Republicana solicit\u00f3 su conformaci\u00f3n a trav\u00e9s de un oficio presentado ante el Oficial Mayor del Congreso de la Rep\u00fablica, Giarmarco Paz Mendoza. Cinco congresistas solicitaron la inscripci\u00f3n de la nueva bancada denominada Acci\u00f3n Rep\u00fablicana, formada con integrantes del grupo Concertaci\u00f3n Parlamentaria, el cual qued\u00f3 disuelto.<\/span><\/p>\n<p><span style=\"color: #000000;\">Acci\u00f3n Republicana estar\u00e1 formada por Pedro Olaechea, Nelly Cuadros, Julio Rosas, Sonia Echevarr\u00eda y Marita Herrera.<\/span><\/p>\n<p><span style=\"color: #000000;\">Olaechea y Rosas integraban Concertaci\u00f3n Parlamentaria, grupo disuelto, pues qued\u00f3 solo con cuatro integrantes, n\u00famero insuficiente para formar una bancada.<\/span><\/p>\n<p><span style=\"color: #000000;\">La conformaci\u00f3n de Acci\u00f3n Republicana fue solicitada a trav\u00e9s de una carta remitida al oficial mayor del Congreso.<\/span><\/p>\n<p><span style=\"color: #000000;\">\u00abPedimos se sirva disponer las acciones del caso necesarias para que se proceda seg\u00fan corresponda, al registro del presente grupo parlamentario, asign\u00e1ndoles las facultades jur\u00eddicas que le sea constitucional reglamentariamente aplicables\u00bb, refiere el documento.<\/span><\/p>\n<p><span style=\"color: #000000;\">Olaechea, quien es se\u00f1alado como un legislador af\u00edn al fujimorismo ser\u00e1 el vocero de Acci\u00f3n Republicana.<\/span><\/p>\n","protected":false},"excerpt":{"rendered":"<p>Cinco congresistas solicitaron la inscripci\u00f3n de la nueva bancada denominada Acci\u00f3n Rep\u00fablicana, formada con integrantes del grupo Concertaci\u00f3n Parlamentaria. Lima, 04 Junio 2019, (ANDINA).- La bancada Acci\u00f3n Republicana solicit\u00f3 su conformaci\u00f3n a trav\u00e9s de un oficio presentado ante el Oficial Mayor del Congreso de la Rep\u00fablica, Giarmarco Paz Mendoza. Cinco congresistas solicitaron la inscripci\u00f3n de [&hellip;]<\/p>\n","protected":false},"author":1,"featured_media":50513,"comment_status":"open","ping_status":"open","sticky":false,"template":"","format":"standard","meta":{"rop_custom_images_group":[],"rop_custom_messages_group":[],"rop_publish_now":"initial","rop_publish_now_accounts":[],"rop_publish_now_history":[],"rop_publish_now_status":"pending","footnotes":""},"categories":[5],"tags":[4126,4351,192],"class_list":["post-50512","post","type-post","status-publish","format-standard","has-post-thumbnail","hentry","category-actualidad-informativa","tag-accion-republicana","tag-concertacion-parlamentaria","tag-congreso"],"_links":{"self":[{"href":"https:\/\/elinformanteperu.com\/index.php\/wp-json\/wp\/v2\/posts\/50512","targetHints":{"allow":["GET"]}}],"collection":[{"href":"https:\/\/elinformanteperu.com\/index.php\/wp-json\/wp\/v2\/posts"}],"about":[{"href":"https:\/\/elinformanteperu.com\/index.php\/wp-json\/wp\/v2\/types\/post"}],"author":[{"embeddable":true,"href":"https:\/\/elinformanteperu.com\/index.php\/wp-json\/wp\/v2\/users\/1"}],"replies":[{"embeddable":true,"href":"https:\/\/elinformanteperu.com\/index.php\/wp-json\/wp\/v2\/comments?post=50512"}],"version-history":[{"count":1,"href":"https:\/\/elinformanteperu.com\/index.php\/wp-json\/wp\/v2\/posts\/50512\/revisions"}],"predecessor-version":[{"id":50514,"href":"https:\/\/elinformanteperu.com\/index.php\/wp-json\/wp\/v2\/posts\/50512\/revisions\/50514"}],"wp:featuredmedia":[{"embeddable":true,"href":"https:\/\/elinformanteperu.com\/index.php\/wp-json\/wp\/v2\/media\/50513"}],"wp:attachment":[{"href":"https:\/\/elinformanteperu.com\/index.php\/wp-json\/wp\/v2\/media?parent=50512"}],"wp:term":[{"taxonomy":"category","embeddable":true,"href":"https:\/\/elinformanteperu.com\/index.php\/wp-json\/wp\/v2\/categories?post=50512"},{"taxonomy":"post_tag","embeddable":true,"href":"https:\/\/elinformanteperu.com\/index.php\/wp-json\/wp\/v2\/tags?post=50512"}],"curies":[{"name":"wp","href":"https:\/\/api.w.org\/{rel}","templated":true}]}}