{"id":50509,"date":"2019-06-04T21:29:27","date_gmt":"2019-06-05T02:29:27","guid":{"rendered":"http:\/\/elinformanteperu.com\/?p=50509"},"modified":"2019-06-04T21:29:27","modified_gmt":"2019-06-05T02:29:27","slug":"vizcarra-mi-gobierno-tomo-la-firme-decision-de-combatir-los-males-que-aquejan-al-pais","status":"publish","type":"post","link":"https:\/\/elinformanteperu.com\/index.php\/2019\/06\/04\/vizcarra-mi-gobierno-tomo-la-firme-decision-de-combatir-los-males-que-aquejan-al-pais\/","title":{"rendered":"Vizcarra: mi gobierno tom\u00f3 la firme decisi\u00f3n de combatir los males que aquejan al pa\u00eds"},"content":{"rendered":"<p><strong><span style=\"color: #000000;\">El Presidente de la Rep\u00fablica, Mart\u00edn Vizcarra, asegur\u00f3 que los peruanos en su conjunto quieren un cambio en la pol\u00edtica con la finalidad de luchar contra la corrupci\u00f3n.<\/span><\/strong><\/p>\n<p><span style=\"color: #000000;\"><strong>Lima, 04 Junio 2019, (ANDINA).-<\/strong> El Presidente de la Rep\u00fablica, Mart\u00edn Vizcarra, asegur\u00f3 que los peruanos en su conjunto quieren un cambio en la pol\u00edtica con la finalidad de luchar contra la corrupci\u00f3n e inst\u00f3 al Congreso a que ese proceso se d\u00e9 a trav\u00e9s de este poder del Estado.<\/span><\/p>\n<p><span style=\"color: #000000;\">Durante la presentaci\u00f3n de cinco toneladas de droga incautadas por la Polic\u00eda Nacional del Per\u00fa (PNP), el presidente Vizcarra afirm\u00f3 que as\u00ed como el Gobierno muestra una decisi\u00f3n de combatir el narcotr\u00e1fico \u00abhay otros cambios que necesitamos para que las cosas no contin\u00faen igual\u00bb.<\/span><\/p>\n<p><span style=\"color: #000000;\">\u00abClaramente estamos definiendo que queremos un cambio, los peruanos en su conjunto queremos un cambio, por eso, respetuosamente, le solicitamos al Congreso para que a trav\u00e9s de \u00e9l se d\u00e9 el cambio que queremos, siempre con el arma de la ley y respetando la Constituci\u00f3n al hacer estos planteamientos\u00bb, manifest\u00f3.<\/span><\/p>\n<p><span style=\"color: #000000;\">El Jefe del Estado pregunt\u00f3 si los peruanos quer\u00edan la misma pol\u00edtica o cambiar, pues as\u00ed como la poblaci\u00f3n no quiere la miner\u00eda ilegal o el narcotr\u00e1fico, tambi\u00e9n se busca un cambio a nivel pol\u00edtico.<\/span><\/p>\n<p><span style=\"color: #000000;\">\u00ab\u00bfEstamos de acuerdo con los blindajes que se han hecho cotidianos o queremos cambiar?, \u00bfestamos de acuerdo con la corrupci\u00f3n que nos agobia y afecta a todos o la enfrentamos directamente?, \u00bfestamos de acuerdo con la inmunidad cuando se convierte en impunidad o cambiamos las normas?, \u00bfestamos de acuerdo con que el dinero sucio alimente las campa\u00f1as pol\u00edticas o lo desterramos?\u00bb, pregunt\u00f3.<\/span><\/p>\n<p><strong><span style=\"color: #000000;\">Firme decisi\u00f3n<\/span><\/strong><\/p>\n<p><span style=\"color: #000000;\">Asimismo, asegur\u00f3 que su gobierno \u00abtom\u00f3 la firme decisi\u00f3n de combatir los males que aquejan\u00bb al pa\u00eds, pues \u00abf\u00e1cil hubiera sido dejar que problemas como la miner\u00eda ilegal sigan desgastando la Amazon\u00eda, como lo permitieron cuatro gestiones anteriores\u00bb. <\/span><\/p>\n<p><span style=\"color: #000000;\">\u00abHoy es un d\u00eda sumamente especial, dentro de poco el ministro junto con todo el gabinete estar\u00e1 acompa\u00f1ando al presidente del Consejo Ministerial (Salvador del Solar) para hacer el sustento de una cuesti\u00f3n de confianza. Nosotros hemos dicho a los peruanos y a los congresistas: \u00bfqueremos tener la misma pol\u00edtica actual o queremos cambiar?\u00bb, a\u00f1adi\u00f3.<\/span><\/p>\n<p><span style=\"color: #000000;\">En ese sentido, el Mandatario consider\u00f3 que estos son \u00abd\u00edas importantes\u00bb, como el de este martes cuando est\u00e1n mostrando la incautaci\u00f3n de cinco toneladas de droga, fruto del trabajo estricto de la Polic\u00eda Nacional del Per\u00fa.<\/span><\/p>\n","protected":false},"excerpt":{"rendered":"<p>El Presidente de la Rep\u00fablica, Mart\u00edn Vizcarra, asegur\u00f3 que los peruanos en su conjunto quieren un cambio en la pol\u00edtica con la finalidad de luchar contra la corrupci\u00f3n. Lima, 04 Junio 2019, (ANDINA).- El Presidente de la Rep\u00fablica, Mart\u00edn Vizcarra, asegur\u00f3 que los peruanos en su conjunto quieren un cambio en la pol\u00edtica con la [&hellip;]<\/p>\n","protected":false},"author":1,"featured_media":50510,"comment_status":"open","ping_status":"open","sticky":false,"template":"","format":"standard","meta":{"rop_custom_images_group":[],"rop_custom_messages_group":[],"rop_publish_now":"initial","rop_publish_now_accounts":[],"rop_publish_now_history":[],"rop_publish_now_status":"pending","footnotes":""},"categories":[5],"tags":[192,4474,289],"class_list":["post-50509","post","type-post","status-publish","format-standard","has-post-thumbnail","hentry","category-actualidad-informativa","tag-congreso","tag-cuestion-de-confianza","tag-martin-vizcarra"],"_links":{"self":[{"href":"https:\/\/elinformanteperu.com\/index.php\/wp-json\/wp\/v2\/posts\/50509","targetHints":{"allow":["GET"]}}],"collection":[{"href":"https:\/\/elinformanteperu.com\/index.php\/wp-json\/wp\/v2\/posts"}],"about":[{"href":"https:\/\/elinformanteperu.com\/index.php\/wp-json\/wp\/v2\/types\/post"}],"author":[{"embeddable":true,"href":"https:\/\/elinformanteperu.com\/index.php\/wp-json\/wp\/v2\/users\/1"}],"replies":[{"embeddable":true,"href":"https:\/\/elinformanteperu.com\/index.php\/wp-json\/wp\/v2\/comments?post=50509"}],"version-history":[{"count":1,"href":"https:\/\/elinformanteperu.com\/index.php\/wp-json\/wp\/v2\/posts\/50509\/revisions"}],"predecessor-version":[{"id":50511,"href":"https:\/\/elinformanteperu.com\/index.php\/wp-json\/wp\/v2\/posts\/50509\/revisions\/50511"}],"wp:featuredmedia":[{"embeddable":true,"href":"https:\/\/elinformanteperu.com\/index.php\/wp-json\/wp\/v2\/media\/50510"}],"wp:attachment":[{"href":"https:\/\/elinformanteperu.com\/index.php\/wp-json\/wp\/v2\/media?parent=50509"}],"wp:term":[{"taxonomy":"category","embeddable":true,"href":"https:\/\/elinformanteperu.com\/index.php\/wp-json\/wp\/v2\/categories?post=50509"},{"taxonomy":"post_tag","embeddable":true,"href":"https:\/\/elinformanteperu.com\/index.php\/wp-json\/wp\/v2\/tags?post=50509"}],"curies":[{"name":"wp","href":"https:\/\/api.w.org\/{rel}","templated":true}]}}