{"id":50493,"date":"2019-06-04T20:42:50","date_gmt":"2019-06-05T01:42:50","guid":{"rendered":"http:\/\/elinformanteperu.com\/?p=50493"},"modified":"2019-06-04T20:42:50","modified_gmt":"2019-06-05T01:42:50","slug":"al-menos-50-sismos-se-registraron-en-arequipa-en-lo-que-va-del-ano","status":"publish","type":"post","link":"https:\/\/elinformanteperu.com\/index.php\/2019\/06\/04\/al-menos-50-sismos-se-registraron-en-arequipa-en-lo-que-va-del-ano\/","title":{"rendered":"Al menos 50 sismos se registraron en Arequipa en lo que va del a\u00f1o"},"content":{"rendered":"<p><strong><span style=\"color: #000000;\">En lo que va del a\u00f1o, por lo menos 50 movimientos s\u00edsmicos fueron detectados en la regi\u00f3n Arequipa por el Instituto Geof\u00edsico del Per\u00fa (IGP).<\/span><\/strong><\/p>\n<p><span style=\"color: #000000;\"><strong>Arequipa, 04 Junio 2019, (ANDINA).-<\/strong> En lo que va del a\u00f1o, por lo menos 50 movimientos s\u00edsmicos fueron detectados en la regi\u00f3n Arequipa por el Instituto Geof\u00edsico del Per\u00fa (IGP), de los cuales unos 20 fueron percibidos por la poblaci\u00f3n.<\/span><\/p>\n<p><span style=\"color: #000000;\">Elizabeth Velarde Quispe, especialista en sismolog\u00eda del IGP, indic\u00f3 que los movimientos tel\u00faricos percibidos por los arequipe\u00f1os superaron la magnitud 4, mientras que los de grados inferiores solo por los equipos de sismolog\u00eda.<\/span><\/p>\n<p><span style=\"color: #000000;\">Los eventos se concentraron en la costa arequipe\u00f1a, as\u00ed como en los alrededores del volc\u00e1n Sabancaya, ubicado en la provincia de Caylloma, donde se ha instalado un sistema de fallas geol\u00f3gicas para monitorear el macizo que se encuentra en proceso eruptivo.<\/span><\/p>\n<p><span style=\"color: #000000;\">Anoche, por ejemplo, se registr\u00f3 un evento de magnitud 4.4 y su epicentro fue localizado a 9 kil\u00f3metros al sureste del distrito de Cabanaconde, provincia de Caylloma.<\/span><\/p>\n<p><strong><span style=\"color: #000000;\">Preparaci\u00f3n<\/span><\/strong><\/p>\n<p><span style=\"color: #000000;\">Velarde refiri\u00f3 que Arequipa est\u00e1 ubicada en la mayor zona s\u00edsmica de Per\u00fa, por lo que es imperativo que la poblaci\u00f3n est\u00e9 preparada y participe no solo de los simulacros organizados por el Indeci, sino tambi\u00e9n haciendo simulaciones en sus hogares, centros de trabajo y otros lugares de gran afluencia.<\/span><\/p>\n<p><span style=\"color: #000000;\">Los especialistas refieren que se suscitar\u00e1 un sismo de gran magnitud en el sur del pa\u00eds, frente a la costa de las regiones de Moquegua y Tacna, de m\u00e1s de 7.5 grados, que ser\u00e1 percibido en Arequipa.<\/span><\/p>\n","protected":false},"excerpt":{"rendered":"<p>En lo que va del a\u00f1o, por lo menos 50 movimientos s\u00edsmicos fueron detectados en la regi\u00f3n Arequipa por el Instituto Geof\u00edsico del Per\u00fa (IGP). Arequipa, 04 Junio 2019, (ANDINA).- En lo que va del a\u00f1o, por lo menos 50 movimientos s\u00edsmicos fueron detectados en la regi\u00f3n Arequipa por el Instituto Geof\u00edsico del Per\u00fa (IGP), [&hellip;]<\/p>\n","protected":false},"author":1,"featured_media":50494,"comment_status":"open","ping_status":"open","sticky":false,"template":"","format":"standard","meta":{"rop_custom_images_group":[],"rop_custom_messages_group":[],"rop_publish_now":"initial","rop_publish_now_accounts":[],"rop_publish_now_history":[],"rop_publish_now_status":"pending","footnotes":""},"categories":[10],"tags":[769,1865,148,1864],"class_list":["post-50493","post","type-post","status-publish","format-standard","has-post-thumbnail","hentry","category-actualidad-municipal","tag-arequipa","tag-igp","tag-indeci","tag-instituto-geofisico-del-peru"],"_links":{"self":[{"href":"https:\/\/elinformanteperu.com\/index.php\/wp-json\/wp\/v2\/posts\/50493","targetHints":{"allow":["GET"]}}],"collection":[{"href":"https:\/\/elinformanteperu.com\/index.php\/wp-json\/wp\/v2\/posts"}],"about":[{"href":"https:\/\/elinformanteperu.com\/index.php\/wp-json\/wp\/v2\/types\/post"}],"author":[{"embeddable":true,"href":"https:\/\/elinformanteperu.com\/index.php\/wp-json\/wp\/v2\/users\/1"}],"replies":[{"embeddable":true,"href":"https:\/\/elinformanteperu.com\/index.php\/wp-json\/wp\/v2\/comments?post=50493"}],"version-history":[{"count":1,"href":"https:\/\/elinformanteperu.com\/index.php\/wp-json\/wp\/v2\/posts\/50493\/revisions"}],"predecessor-version":[{"id":50495,"href":"https:\/\/elinformanteperu.com\/index.php\/wp-json\/wp\/v2\/posts\/50493\/revisions\/50495"}],"wp:featuredmedia":[{"embeddable":true,"href":"https:\/\/elinformanteperu.com\/index.php\/wp-json\/wp\/v2\/media\/50494"}],"wp:attachment":[{"href":"https:\/\/elinformanteperu.com\/index.php\/wp-json\/wp\/v2\/media?parent=50493"}],"wp:term":[{"taxonomy":"category","embeddable":true,"href":"https:\/\/elinformanteperu.com\/index.php\/wp-json\/wp\/v2\/categories?post=50493"},{"taxonomy":"post_tag","embeddable":true,"href":"https:\/\/elinformanteperu.com\/index.php\/wp-json\/wp\/v2\/tags?post=50493"}],"curies":[{"name":"wp","href":"https:\/\/api.w.org\/{rel}","templated":true}]}}