{"id":50490,"date":"2019-06-04T20:36:37","date_gmt":"2019-06-05T01:36:37","guid":{"rendered":"http:\/\/elinformanteperu.com\/?p=50490"},"modified":"2019-06-04T20:36:37","modified_gmt":"2019-06-05T01:36:37","slug":"choque-entre-camioneta-y-mototaxi-deja-tres-muertos-en-via-pasco-la-oroya","status":"publish","type":"post","link":"https:\/\/elinformanteperu.com\/index.php\/2019\/06\/04\/choque-entre-camioneta-y-mototaxi-deja-tres-muertos-en-via-pasco-la-oroya\/","title":{"rendered":"Choque entre camioneta y mototaxi deja tres muertos en v\u00eda Pasco-La Oroya"},"content":{"rendered":"<p><strong><span style=\"color: #000000;\">El choque entre una camioneta y una mototaxi en el tramo Pasco- La Oroya de la Carretera Central, dej\u00f3 tres muertos, inform\u00f3 la Polic\u00eda local.<\/span><\/strong><\/p>\n<p><span style=\"color: #000000;\"><strong>Pasco, 04 Junio 2019, (ANDINA).-<\/strong> El choque entre una camioneta y una mototaxi en el tramo Pasco- La Oroya de la Carretera Central, a la altura del kil\u00f3metro 80+750, ingreso al distrito de Carhuamayo, dej\u00f3 tres muertos, inform\u00f3 la Polic\u00eda local.<\/span><\/p>\n<p><span style=\"color: #000000;\">Seg\u00fan el informe policial, el accidente se produjo cuando una camioneta, color negro y de placa de rodaje BJT-371, conducido por Rusbel Meza Escand\u00f3n (30), impact\u00f3 con una trimovil cuyo chofer es Emerson Castillo Lozano (39).<\/span><\/p>\n<p><span style=\"color: #000000;\">Producto del fuerte impact\u00f3 fallecieron Castillo Lozano y los pasajeros Mar\u00eda Elena Canto Arias (44) e Ignacio Loyola Arzapalo Arias (70).<\/span><\/p>\n<p><span style=\"color: #000000;\">Tras las diligencias los cuerpos fueron internados en la morgue para la necropsia de ley.<\/span><\/p>\n<p><span style=\"color: #000000;\">Las causas del accidente son materia de investigaci\u00f3n.<\/span><\/p>\n","protected":false},"excerpt":{"rendered":"<p>El choque entre una camioneta y una mototaxi en el tramo Pasco- La Oroya de la Carretera Central, dej\u00f3 tres muertos, inform\u00f3 la Polic\u00eda local. Pasco, 04 Junio 2019, (ANDINA).- El choque entre una camioneta y una mototaxi en el tramo Pasco- La Oroya de la Carretera Central, a la altura del kil\u00f3metro 80+750, ingreso [&hellip;]<\/p>\n","protected":false},"author":1,"featured_media":50491,"comment_status":"open","ping_status":"open","sticky":false,"template":"","format":"standard","meta":{"rop_custom_images_group":[],"rop_custom_messages_group":[],"rop_publish_now":"initial","rop_publish_now_accounts":[],"rop_publish_now_history":[],"rop_publish_now_status":"pending","footnotes":""},"categories":[10],"tags":[2519,4509],"class_list":["post-50490","post","type-post","status-publish","format-standard","has-post-thumbnail","hentry","category-actualidad-municipal","tag-cerro-de-pasco","tag-la-oroya"],"_links":{"self":[{"href":"https:\/\/elinformanteperu.com\/index.php\/wp-json\/wp\/v2\/posts\/50490","targetHints":{"allow":["GET"]}}],"collection":[{"href":"https:\/\/elinformanteperu.com\/index.php\/wp-json\/wp\/v2\/posts"}],"about":[{"href":"https:\/\/elinformanteperu.com\/index.php\/wp-json\/wp\/v2\/types\/post"}],"author":[{"embeddable":true,"href":"https:\/\/elinformanteperu.com\/index.php\/wp-json\/wp\/v2\/users\/1"}],"replies":[{"embeddable":true,"href":"https:\/\/elinformanteperu.com\/index.php\/wp-json\/wp\/v2\/comments?post=50490"}],"version-history":[{"count":1,"href":"https:\/\/elinformanteperu.com\/index.php\/wp-json\/wp\/v2\/posts\/50490\/revisions"}],"predecessor-version":[{"id":50492,"href":"https:\/\/elinformanteperu.com\/index.php\/wp-json\/wp\/v2\/posts\/50490\/revisions\/50492"}],"wp:featuredmedia":[{"embeddable":true,"href":"https:\/\/elinformanteperu.com\/index.php\/wp-json\/wp\/v2\/media\/50491"}],"wp:attachment":[{"href":"https:\/\/elinformanteperu.com\/index.php\/wp-json\/wp\/v2\/media?parent=50490"}],"wp:term":[{"taxonomy":"category","embeddable":true,"href":"https:\/\/elinformanteperu.com\/index.php\/wp-json\/wp\/v2\/categories?post=50490"},{"taxonomy":"post_tag","embeddable":true,"href":"https:\/\/elinformanteperu.com\/index.php\/wp-json\/wp\/v2\/tags?post=50490"}],"curies":[{"name":"wp","href":"https:\/\/api.w.org\/{rel}","templated":true}]}}