{"id":50487,"date":"2019-06-04T20:31:28","date_gmt":"2019-06-05T01:31:28","guid":{"rendered":"http:\/\/elinformanteperu.com\/?p=50487"},"modified":"2019-06-04T20:31:28","modified_gmt":"2019-06-05T01:31:28","slug":"cusco-auxilian-a-turista-que-resbalo-al-descender-del-waynapicchu","status":"publish","type":"post","link":"https:\/\/elinformanteperu.com\/index.php\/2019\/06\/04\/cusco-auxilian-a-turista-que-resbalo-al-descender-del-waynapicchu\/","title":{"rendered":"Cusco: auxilian a turista que resbal\u00f3 al descender del Waynapicchu"},"content":{"rendered":"<p><strong><span style=\"color: #000000;\">Trabajadores del Ministerio de Cultura auxiliaron a la turista Patricia \u00c1vila Jurupe, quien sufri\u00f3 un accidente cuando descend\u00eda de la monta\u00f1a Waynapicchu.<\/span><\/strong><\/p>\n<p><span style=\"color: #000000;\"><strong>Cusco, 04 Junio 2019, (ANDINA).-<\/strong> Trabajadores del Ministerio de Cultura auxiliaron a la turista Patricia \u00c1vila Jurupe, quien sufri\u00f3 un accidente cuando descend\u00eda de la monta\u00f1a Waynapicchu, ubicada en el parque arqueol\u00f3gico de Machu Picchu, en la regi\u00f3n Cusco.<\/span><\/p>\n<p><span style=\"color: #000000;\">De acuerdo a un reporte, el accidente ocurri\u00f3 a las 11:35 horas, cuando \u00c1vila Jurupe al descender del Waynapicchu resbal\u00f3 y cay\u00f3 a una peque\u00f1a hoyada a 4 metros m\u00e1s abajo.<\/span><\/p>\n<p><span style=\"color: #000000;\">De inmediato se le auxili\u00f3 y se comunic\u00f3 el hecho a la doctora Sandra And\u00eda, quien constat\u00f3 que la turista presentaba una herida en la cabeza y politraumatismo en la columna y t\u00f3rax.<\/span><\/p>\n<p><span style=\"color: #000000;\">Bajo medidas de seguridad, la turista herida fue trasladada por el personal del Ministerio de Cultura hasta la posta m\u00e9dica ubicada al ingreso de la llaqta y luego a la estaci\u00f3n de trenes de Machu Picchu Pueblo, de donde fue evacuada hacia Ollantaytambo en el tren que parti\u00f3 a las 14:55 horas.<\/span><\/p>\n<p><span style=\"color: #000000;\">\u00abNuestro personal est\u00e1 preparado para actuar en estos casos y se ha actuado en forma inmediata\u00bb refiri\u00f3 el jefe del parque arqueol\u00f3gico Nacional de Machu Picchu, Jos\u00e9 Bastante.<\/span><\/p>\n<p><span style=\"color: #000000;\">Al llegar a Cusco ser\u00eda trasladada a una cl\u00ednica particular.<\/span><\/p>\n","protected":false},"excerpt":{"rendered":"<p>Trabajadores del Ministerio de Cultura auxiliaron a la turista Patricia \u00c1vila Jurupe, quien sufri\u00f3 un accidente cuando descend\u00eda de la monta\u00f1a Waynapicchu. Cusco, 04 Junio 2019, (ANDINA).- Trabajadores del Ministerio de Cultura auxiliaron a la turista Patricia \u00c1vila Jurupe, quien sufri\u00f3 un accidente cuando descend\u00eda de la monta\u00f1a Waynapicchu, ubicada en el parque arqueol\u00f3gico de [&hellip;]<\/p>\n","protected":false},"author":1,"featured_media":50488,"comment_status":"open","ping_status":"open","sticky":false,"template":"","format":"standard","meta":{"rop_custom_images_group":[],"rop_custom_messages_group":[],"rop_publish_now":"initial","rop_publish_now_accounts":[],"rop_publish_now_history":[],"rop_publish_now_status":"pending","footnotes":""},"categories":[10],"tags":[1226,701],"class_list":["post-50487","post","type-post","status-publish","format-standard","has-post-thumbnail","hentry","category-actualidad-municipal","tag-cusco","tag-machu-picchu"],"_links":{"self":[{"href":"https:\/\/elinformanteperu.com\/index.php\/wp-json\/wp\/v2\/posts\/50487","targetHints":{"allow":["GET"]}}],"collection":[{"href":"https:\/\/elinformanteperu.com\/index.php\/wp-json\/wp\/v2\/posts"}],"about":[{"href":"https:\/\/elinformanteperu.com\/index.php\/wp-json\/wp\/v2\/types\/post"}],"author":[{"embeddable":true,"href":"https:\/\/elinformanteperu.com\/index.php\/wp-json\/wp\/v2\/users\/1"}],"replies":[{"embeddable":true,"href":"https:\/\/elinformanteperu.com\/index.php\/wp-json\/wp\/v2\/comments?post=50487"}],"version-history":[{"count":1,"href":"https:\/\/elinformanteperu.com\/index.php\/wp-json\/wp\/v2\/posts\/50487\/revisions"}],"predecessor-version":[{"id":50489,"href":"https:\/\/elinformanteperu.com\/index.php\/wp-json\/wp\/v2\/posts\/50487\/revisions\/50489"}],"wp:featuredmedia":[{"embeddable":true,"href":"https:\/\/elinformanteperu.com\/index.php\/wp-json\/wp\/v2\/media\/50488"}],"wp:attachment":[{"href":"https:\/\/elinformanteperu.com\/index.php\/wp-json\/wp\/v2\/media?parent=50487"}],"wp:term":[{"taxonomy":"category","embeddable":true,"href":"https:\/\/elinformanteperu.com\/index.php\/wp-json\/wp\/v2\/categories?post=50487"},{"taxonomy":"post_tag","embeddable":true,"href":"https:\/\/elinformanteperu.com\/index.php\/wp-json\/wp\/v2\/tags?post=50487"}],"curies":[{"name":"wp","href":"https:\/\/api.w.org\/{rel}","templated":true}]}}