{"id":50482,"date":"2019-06-04T20:18:08","date_gmt":"2019-06-05T01:18:08","guid":{"rendered":"http:\/\/elinformanteperu.com\/?p=50482"},"modified":"2019-06-04T20:18:08","modified_gmt":"2019-06-05T01:18:08","slug":"el-retorno-de-paolo-guerrero-sera-la-atraccion-del-peru-costa-rica","status":"publish","type":"post","link":"https:\/\/elinformanteperu.com\/index.php\/2019\/06\/04\/el-retorno-de-paolo-guerrero-sera-la-atraccion-del-peru-costa-rica\/","title":{"rendered":"El retorno de Paolo Guerrero ser\u00e1 la atracci\u00f3n del Per\u00fa-Costa Rica"},"content":{"rendered":"<p><strong><span style=\"color: #000000;\">El regreso del delantero Paolo Guerrero a la selecci\u00f3n de Per\u00fa y la ausencia del arquero Keylor Navas en Costa Rica marcan el amistoso que ambas selecciones disputar\u00e1n este mi\u00e9rcoles en Lima.<\/span><\/strong><\/p>\n<p><span style=\"color: #000000;\"><strong>Lima, 04 Junio 2019, (ANDINA).<\/strong>&#8211; El regreso del delantero Paolo Guerrero a la selecci\u00f3n de Per\u00fa y la ausencia del arquero Keylor Navas en Costa Rica marcan el amistoso que ambas selecciones disputar\u00e1n este mi\u00e9rcoles en Lima, donde ensayar\u00e1n sus equipos para sus respectivas participaciones en la Copa Am\u00e9rica y en la Copa Oro.<\/span><\/p>\n<p><span style=\"color: #000000;\">Para la Blanquirroja el partido es crucial para disipar tras los malos resultados acumulados durante los \u00faltimos doce meses, en los que no pudo contar con Guerrero mientras este terminaba de cumplir la suspensi\u00f3n de 14 meses por un caso de dopaje presuntamente involuntario.<\/span><\/p>\n<p><span style=\"color: #000000;\">Sin Guerrero el combinado peruano ha perdido cinco de los ocho partidos que jug\u00f3 tras el Mundial de Rusia 2018, uno de ellos precisamente ante Costa Rica en la ciudad peruana de Arequipa hace tan solo siete meses.<\/span><\/p>\n<p><span style=\"color: #000000;\">Guerrero, capit\u00e1n y m\u00e1ximo goleador hist\u00f3rico de Per\u00fa, puede reaparecer en el equipo nacional tras firmar una espectacular racha a su regreso a las canchas desde hace dos meses, en los que ha anotado 9 goles en catorce partidos con el Internacional de Porto Alegre.<\/span><\/p>\n<p><span style=\"color: #000000;\">Para esta ocasi\u00f3n el seleccionador de Per\u00fa, el argentino Ricardo Gareca, deber\u00e1 cuidar a sus jugadores tocados, entre ellos el defensa Carlos Zambrano, los centrocampistas Yoshimar Yot\u00fan y Jes\u00fas Pretell y el delantero Jefferson Farf\u00e1n, que arrastran lesiones musculares.<\/span><\/p>\n<p><span style=\"color: #000000;\">Tambi\u00e9n ser\u00e1 duda el portero Patricio \u00c1lvarez, que este lunes no se entren\u00f3 al padecer una conjuntivitis, por lo que las bajas pueden ser una ocasi\u00f3n para que Gareca pruebe al defensa Alexander Callens.<\/span><\/p>\n<p><span style=\"color: #000000;\">La selecci\u00f3n costarricense lleg\u00f3 este lunes a la capital peruana con los veintitr\u00e9s jugadores que seguramente conformar\u00e1n tambi\u00e9n la lista definitiva para la Copa Oro, que al igual que la Copa Am\u00e9rica comienza el 14 de junio.<\/span><\/p>\n<p><strong><span style=\"color: #000000;\">Alineaciones probables:<\/span><\/strong><\/p>\n<p><span style=\"color: #000000;\"><strong>Per\u00fa:<\/strong> Pedro Gallese; Luis Adv\u00edncula, Anderson Santamar\u00eda, Alexander Callens, Miguel Trauco; Andr\u00e9 Carrillo, Renato Tapia, Christian Cueva, Edison Flores; Christofer Gonz\u00e1les y Paolo Guerrero. Seleccionador: Ricardo Gareca.<\/span><\/p>\n<p><span style=\"color: #000000;\"><strong>Costa Rica:<\/strong> Leonel Moreira; Giancarlo Gonz\u00e1lez, Kendall Waston, Keysher Fuller, Ronald Matarrita; Celso Borges, Allan Cruz, El\u00edas Aguilar, Jimmy Mar\u00edn; Joel Campbell y Jonathan McDonald. Seleccionador: Gustavo Matosas.<\/span><\/p>\n<p><span style=\"color: #000000;\"><strong>\u00c1rbitro:<\/strong> Dar\u00edo Herrera (Argentina).<\/span><br \/>\n<span style=\"color: #000000;\"><strong>Estadio:<\/strong> Monumental, de Lima.<\/span><\/p>\n<p><img fetchpriority=\"high\" decoding=\"async\" class=\"aligncenter size-full wp-image-18616\" src=\"http:\/\/elinformanteperu.com\/wp-content\/uploads\/2017\/11\/paolo-guerrero-repechaje.jpg\" alt=\"\" width=\"1800\" height=\"1212\" srcset=\"https:\/\/elinformanteperu.com\/wp-content\/uploads\/2017\/11\/paolo-guerrero-repechaje.jpg 1800w, https:\/\/elinformanteperu.com\/wp-content\/uploads\/2017\/11\/paolo-guerrero-repechaje-300x202.jpg 300w, https:\/\/elinformanteperu.com\/wp-content\/uploads\/2017\/11\/paolo-guerrero-repechaje-768x517.jpg 768w, https:\/\/elinformanteperu.com\/wp-content\/uploads\/2017\/11\/paolo-guerrero-repechaje-1024x689.jpg 1024w, https:\/\/elinformanteperu.com\/wp-content\/uploads\/2017\/11\/paolo-guerrero-repechaje-128x86.jpg 128w, https:\/\/elinformanteperu.com\/wp-content\/uploads\/2017\/11\/paolo-guerrero-repechaje-32x22.jpg 32w\" sizes=\"(max-width: 1800px) 100vw, 1800px\" \/><\/p>\n","protected":false},"excerpt":{"rendered":"<p>El regreso del delantero Paolo Guerrero a la selecci\u00f3n de Per\u00fa y la ausencia del arquero Keylor Navas en Costa Rica marcan el amistoso que ambas selecciones disputar\u00e1n este mi\u00e9rcoles en Lima. Lima, 04 Junio 2019, (ANDINA).&#8211; El regreso del delantero Paolo Guerrero a la selecci\u00f3n de Per\u00fa y la ausencia del arquero Keylor Navas [&hellip;]<\/p>\n","protected":false},"author":1,"featured_media":27353,"comment_status":"open","ping_status":"open","sticky":false,"template":"","format":"standard","meta":{"rop_custom_images_group":[],"rop_custom_messages_group":[],"rop_publish_now":"initial","rop_publish_now_accounts":[],"rop_publish_now_history":[],"rop_publish_now_status":"pending","footnotes":""},"categories":[8],"tags":[3565,203,137],"class_list":["post-50482","post","type-post","status-publish","format-standard","has-post-thumbnail","hentry","category-disciplinas-deportivas","tag-copa-america-brasil-2019","tag-paolo-guerrero","tag-seleccion-peruana"],"_links":{"self":[{"href":"https:\/\/elinformanteperu.com\/index.php\/wp-json\/wp\/v2\/posts\/50482","targetHints":{"allow":["GET"]}}],"collection":[{"href":"https:\/\/elinformanteperu.com\/index.php\/wp-json\/wp\/v2\/posts"}],"about":[{"href":"https:\/\/elinformanteperu.com\/index.php\/wp-json\/wp\/v2\/types\/post"}],"author":[{"embeddable":true,"href":"https:\/\/elinformanteperu.com\/index.php\/wp-json\/wp\/v2\/users\/1"}],"replies":[{"embeddable":true,"href":"https:\/\/elinformanteperu.com\/index.php\/wp-json\/wp\/v2\/comments?post=50482"}],"version-history":[{"count":1,"href":"https:\/\/elinformanteperu.com\/index.php\/wp-json\/wp\/v2\/posts\/50482\/revisions"}],"predecessor-version":[{"id":50483,"href":"https:\/\/elinformanteperu.com\/index.php\/wp-json\/wp\/v2\/posts\/50482\/revisions\/50483"}],"wp:featuredmedia":[{"embeddable":true,"href":"https:\/\/elinformanteperu.com\/index.php\/wp-json\/wp\/v2\/media\/27353"}],"wp:attachment":[{"href":"https:\/\/elinformanteperu.com\/index.php\/wp-json\/wp\/v2\/media?parent=50482"}],"wp:term":[{"taxonomy":"category","embeddable":true,"href":"https:\/\/elinformanteperu.com\/index.php\/wp-json\/wp\/v2\/categories?post=50482"},{"taxonomy":"post_tag","embeddable":true,"href":"https:\/\/elinformanteperu.com\/index.php\/wp-json\/wp\/v2\/tags?post=50482"}],"curies":[{"name":"wp","href":"https:\/\/api.w.org\/{rel}","templated":true}]}}