{"id":50479,"date":"2019-06-04T20:12:15","date_gmt":"2019-06-05T01:12:15","guid":{"rendered":"http:\/\/elinformanteperu.com\/?p=50479"},"modified":"2019-06-04T20:12:15","modified_gmt":"2019-06-05T01:12:15","slug":"seleccion-peruana-prepara-cerrojo-defensivo-para-la-copa-america","status":"publish","type":"post","link":"https:\/\/elinformanteperu.com\/index.php\/2019\/06\/04\/seleccion-peruana-prepara-cerrojo-defensivo-para-la-copa-america\/","title":{"rendered":"Selecci\u00f3n peruana prepara cerrojo defensivo para la Copa Am\u00e9rica"},"content":{"rendered":"<p><strong><span style=\"color: #000000;\">Tras sufrir en su zona defensiva en sus \u00faltimos partidos, la selecci\u00f3n peruana trabaja intensamente en ese sector para sus \u00faltimos duelos de fogueo con Costa Rica y Colombia.<\/span><\/strong><\/p>\n<p><span style=\"color: #000000;\"><strong>Lima, 04 Junio 2019, (ANDINA).-<\/strong> Tras sufrir en su zona defensiva en sus \u00faltimos partidos, la selecci\u00f3n peruana trabaja intensamente en ese sector para sus \u00faltimos duelos de fogueo con Costa Rica y Colombia a diez d\u00edas del inicio de la Copa Am\u00e9rica de Brasil-2019.<\/span><\/p>\n<p><span style=\"color: #000000;\">\u00abTodos estos d\u00edas hemos trabajado en la parte defensiva, yo creo que no vamos a tener problemas\u00bb, estim\u00f3 el arquero Pedro Gallese, de Alianza Lima, en declaraciones a la prensa.<\/span><\/p>\n<p><span style=\"color: #000000;\">El t\u00e9cnico argentino Ricardo Gareca es consciente de ello y prioriza los trabajos en la zona defensiva desde que arrancaron las pr\u00e1cticas en Lima hace una semana.<\/span><\/p>\n<p><span style=\"color: #000000;\">Los \u00faltimos amistosos de Per\u00fa demostraron que la zaga se convirti\u00f3 en el tal\u00f3n de Aquiles del equipo.<\/span><\/p>\n<p><span style=\"color: #000000;\">Para la Copa Am\u00e9rica, Gareca renov\u00f3 su zaga central con el llamado de Carlos Zambrano, del Basilea de Suiza. El DT dej\u00f3 de lado a Christian Ramos y Alberto Rodr\u00edguez, titulares en el Mundial de Rusia-2018.<\/span><\/p>\n<p><span style=\"color: #000000;\">Gareca sin embargo descart\u00f3 por lesi\u00f3n a Zambrano para los amistosos con Costa Rica y Colombia.<\/span><\/p>\n<p><span style=\"color: #000000;\">Luego del Mundial-2018, el combinado inca luce un decepcionante balance: de ocho amistosos logr\u00f3 dos triunfos, un empate y cinco derrotas, anotando nueve goles y recibiendo 12.<\/span><\/p>\n<p><span style=\"color: #000000;\">En los fogueos de marzo pasado en Estados Unidos, venci\u00f3 1-0 a Paraguay y cay\u00f3 2-0 ante El Salvador.<\/span><\/p>\n<p><strong><span style=\"color: #000000;\">Mentalizados en la Copa<\/span><\/strong><\/p>\n<p><span style=\"color: #000000;\">Gallese manifest\u00f3 que todos los jugadores est\u00e1n enfocados en los amistosos y en su debut ante Venezuela en la Copa Am\u00e9rica.<\/span><\/p>\n<p><span style=\"color: #000000;\">\u00abEstos partidos de pr\u00e1ctica nos van a servir para juntarnos porque sabemos lo que pretendemos en la Copa. Todos queremos llegar a las finales\u00bb, sostuvo el arquero.<\/span><\/p>\n<p><span style=\"color: #000000;\">Gareca dirigi\u00f3 este martes sus entrenamientos con 23 jugadores convocados destacando al artillero y capit\u00e1n Paolo Guerrero, que realiz\u00f3 su primera pr\u00e1ctica con bal\u00f3n en la Villa Deportiva de Lima.<\/span><\/p>\n<p><span style=\"color: #000000;\">\u00abPaolo Guerrero est\u00e1 feliz de regresar con nosotros. Lo veo muy ilusionado y con ganas de dar lo mejor en la Copa\u00bb, indic\u00f3 Gallese.<\/span><\/p>\n<p><span style=\"color: #000000;\">El delantero, de 35 a\u00f1os, cumpli\u00f3 el 6 de abril una sanci\u00f3n por dopaje de 14 meses impuesta por el Tribunal Arbitral del Deporte (TAS).<\/span><\/p>\n<p><span style=\"color: #000000;\">Per\u00fa debutar\u00e1 el 15 de junio en el Grupo A de la Copa Am\u00e9rica ante Venezuela en el estadio Arena do Gremio, en Porto Alegre. Tres d\u00edas despu\u00e9s jugar\u00e1 contra Bolivia en el Maracan\u00e1 en R\u00edo y cerrar\u00e1 la fase de grupos el 22 de junio contra Brasil, en el Arena Corinthians, en Sao Paulo.<\/span><\/p>\n<p><img fetchpriority=\"high\" decoding=\"async\" class=\"aligncenter size-full wp-image-27492\" src=\"http:\/\/elinformanteperu.com\/wp-content\/uploads\/2018\/05\/entrenamientos-seleccion-peruana.jpg\" alt=\"\" width=\"1800\" height=\"1199\" srcset=\"https:\/\/elinformanteperu.com\/wp-content\/uploads\/2018\/05\/entrenamientos-seleccion-peruana.jpg 1800w, https:\/\/elinformanteperu.com\/wp-content\/uploads\/2018\/05\/entrenamientos-seleccion-peruana-300x200.jpg 300w, https:\/\/elinformanteperu.com\/wp-content\/uploads\/2018\/05\/entrenamientos-seleccion-peruana-768x512.jpg 768w, https:\/\/elinformanteperu.com\/wp-content\/uploads\/2018\/05\/entrenamientos-seleccion-peruana-1024x682.jpg 1024w, https:\/\/elinformanteperu.com\/wp-content\/uploads\/2018\/05\/entrenamientos-seleccion-peruana-128x85.jpg 128w, https:\/\/elinformanteperu.com\/wp-content\/uploads\/2018\/05\/entrenamientos-seleccion-peruana-32x21.jpg 32w\" sizes=\"(max-width: 1800px) 100vw, 1800px\" \/><\/p>\n","protected":false},"excerpt":{"rendered":"<p>Tras sufrir en su zona defensiva en sus \u00faltimos partidos, la selecci\u00f3n peruana trabaja intensamente en ese sector para sus \u00faltimos duelos de fogueo con Costa Rica y Colombia. Lima, 04 Junio 2019, (ANDINA).- Tras sufrir en su zona defensiva en sus \u00faltimos partidos, la selecci\u00f3n peruana trabaja intensamente en ese sector para sus \u00faltimos [&hellip;]<\/p>\n","protected":false},"author":1,"featured_media":50480,"comment_status":"open","ping_status":"open","sticky":false,"template":"","format":"standard","meta":{"rop_custom_images_group":[],"rop_custom_messages_group":[],"rop_publish_now":"initial","rop_publish_now_accounts":[],"rop_publish_now_history":[],"rop_publish_now_status":"pending","footnotes":""},"categories":[8],"tags":[3565,137],"class_list":["post-50479","post","type-post","status-publish","format-standard","has-post-thumbnail","hentry","category-disciplinas-deportivas","tag-copa-america-brasil-2019","tag-seleccion-peruana"],"_links":{"self":[{"href":"https:\/\/elinformanteperu.com\/index.php\/wp-json\/wp\/v2\/posts\/50479","targetHints":{"allow":["GET"]}}],"collection":[{"href":"https:\/\/elinformanteperu.com\/index.php\/wp-json\/wp\/v2\/posts"}],"about":[{"href":"https:\/\/elinformanteperu.com\/index.php\/wp-json\/wp\/v2\/types\/post"}],"author":[{"embeddable":true,"href":"https:\/\/elinformanteperu.com\/index.php\/wp-json\/wp\/v2\/users\/1"}],"replies":[{"embeddable":true,"href":"https:\/\/elinformanteperu.com\/index.php\/wp-json\/wp\/v2\/comments?post=50479"}],"version-history":[{"count":1,"href":"https:\/\/elinformanteperu.com\/index.php\/wp-json\/wp\/v2\/posts\/50479\/revisions"}],"predecessor-version":[{"id":50481,"href":"https:\/\/elinformanteperu.com\/index.php\/wp-json\/wp\/v2\/posts\/50479\/revisions\/50481"}],"wp:featuredmedia":[{"embeddable":true,"href":"https:\/\/elinformanteperu.com\/index.php\/wp-json\/wp\/v2\/media\/50480"}],"wp:attachment":[{"href":"https:\/\/elinformanteperu.com\/index.php\/wp-json\/wp\/v2\/media?parent=50479"}],"wp:term":[{"taxonomy":"category","embeddable":true,"href":"https:\/\/elinformanteperu.com\/index.php\/wp-json\/wp\/v2\/categories?post=50479"},{"taxonomy":"post_tag","embeddable":true,"href":"https:\/\/elinformanteperu.com\/index.php\/wp-json\/wp\/v2\/tags?post=50479"}],"curies":[{"name":"wp","href":"https:\/\/api.w.org\/{rel}","templated":true}]}}