{"id":50477,"date":"2019-06-04T20:07:33","date_gmt":"2019-06-05T01:07:33","guid":{"rendered":"http:\/\/elinformanteperu.com\/?p=50477"},"modified":"2019-06-04T20:07:33","modified_gmt":"2019-06-05T01:07:33","slug":"gladys-tejada-competira-en-la-carrera-deporte-peru-5k","status":"publish","type":"post","link":"https:\/\/elinformanteperu.com\/index.php\/2019\/06\/04\/gladys-tejada-competira-en-la-carrera-deporte-peru-5k\/","title":{"rendered":"Gladys Tejada competir\u00e1 en la carrera Deporte Per\u00fa 5K"},"content":{"rendered":"<p><strong><span style=\"color: #000000;\">La atleta nacional, Gladys Tejeda, confirm\u00f3 su participaci\u00f3n este domingo 9 de junio en la carrera Deporte Per\u00fa 5K, que organiza el IPD.<\/span><\/strong><\/p>\n<p><span style=\"color: #000000;\"><strong>Lima, 04 Junio 2019, (ANDINA).-<\/strong> La atleta nacional, Gladys Tejeda, confirm\u00f3 su participaci\u00f3n este domingo 9 de junio en la carrera Deporte Per\u00fa 5K, que organiza el Instituto Peruano del Deporte (IPD) y cuya finalidad es hacer llegar un mensaje de aliento y reconocimiento a nuestros deportistas que nos representar\u00e1n en los Juegos Panamericanos y Parapanamericanos Lima 2019.<\/span><\/p>\n<p><span style=\"color: #000000;\">\u201cPara m\u00ed es un orgullo participar en esta carrera 5K Deporte Per\u00fa donde estar\u00e1n mis compa\u00f1eros de Lima 2019. Ojo, voy con un esp\u00edritu ganador porque ya quedan pocas semanas y la expectativa es grande. Me servir\u00e1 tambi\u00e9n como motivaci\u00f3n de compartir con todos los deportistas que competir\u00e1n en Lima 2019. La psicolog\u00eda es importante\u00bb, se\u00f1al\u00f3 Gladys que viene de ganar la carrera 15K Ultimas Noticias en Ecuador.<\/span><\/p>\n<p><span style=\"color: #000000;\">Asimismo, Tejeda indic\u00f3 que \u201cquiero entrenar en el llano, porque abajo tendr\u00e9 m\u00e1s velocidad. Muchos lo saben, pero no quieren ponerlo en pr\u00e1ctica, es por ello que estoy en M\u00e9xico y Colombia porque hay centros de alto rendimiento que me servir\u00e1n de mucho en mi preparaci\u00f3n y llegar 10 puntos\u00bb.<\/span><\/p>\n<p><img fetchpriority=\"high\" decoding=\"async\" class=\"aligncenter size-full wp-image-18963\" src=\"http:\/\/elinformanteperu.com\/wp-content\/uploads\/2017\/11\/gladys-tejeda-bolivarianos.jpg\" alt=\"\" width=\"1800\" height=\"1201\" srcset=\"https:\/\/elinformanteperu.com\/wp-content\/uploads\/2017\/11\/gladys-tejeda-bolivarianos.jpg 1800w, https:\/\/elinformanteperu.com\/wp-content\/uploads\/2017\/11\/gladys-tejeda-bolivarianos-300x200.jpg 300w, https:\/\/elinformanteperu.com\/wp-content\/uploads\/2017\/11\/gladys-tejeda-bolivarianos-768x512.jpg 768w, https:\/\/elinformanteperu.com\/wp-content\/uploads\/2017\/11\/gladys-tejeda-bolivarianos-1024x683.jpg 1024w, https:\/\/elinformanteperu.com\/wp-content\/uploads\/2017\/11\/gladys-tejeda-bolivarianos-128x85.jpg 128w, https:\/\/elinformanteperu.com\/wp-content\/uploads\/2017\/11\/gladys-tejeda-bolivarianos-32x21.jpg 32w\" sizes=\"(max-width: 1800px) 100vw, 1800px\" \/><\/p>\n<p><span style=\"color: #000000;\">La carrera 5K Deporte Per\u00fa es gratuita y se espera la participaci\u00f3n de 5 mil personas, es parte de una serie de acciones que impulsa el IPD para hacer que el deporte en general, sea motivo de orgullo para los peruanos y para mostrar a nuestros deportistas de las diferentes disciplinas que frecuentemente consiguen medallas en torneos nacionales e internacionales.<\/span><\/p>\n<p><span style=\"color: #000000;\">\u201cEsta gran carrera es para celebrar a nuestros deportistas por ese gran esfuerzo de muchos a\u00f1os y que ahora van a representar al pa\u00eds. Queremos que todo el Per\u00fa sea parte de esta historia. Debemos sentirnos orgullosos del desempe\u00f1o y sacrificio que han venido desarrollando los atletas. Ese es el motivo de esta gran marcha. Poder ser parte de este gran cambio en la historia deportiva del Per\u00fa\u201d, indic\u00f3 Sebasti\u00e1n Suito, presidente del IPD.<\/span><\/p>\n<p><span style=\"color: #000000;\">Los otros deportistas de alto rendimiento que han asegurado su presencia en la carrera son: Annie Becerra (Tiro Deportivo), Rosa Almarza, Mariano Wong, Sol Mar\u00eda Roman\u00ed, Saida Salcedo, Jhon Trebejo, (K\u00e1rate), Diego Mini (B\u00e1dminton) Pilar J\u00e1uregui, H\u00e9ctor Salva (Para b\u00e1dminton), Thalia Mallqui, Yanet Sovero (Lucha Amateur), Alonso Escudero (Squash Racket), Adri\u00e1n Guibu y Yum Ishikawa (Bowling).<\/span><\/p>\n<p><span style=\"color: #000000;\">Tambi\u00e9n se destaca la participaci\u00f3n de los ol\u00edmpicos Cecilia Tait, Alberto Rossel, adem\u00e1s de los ex futbolistas Waldir S\u00e1enz, Luis Guadalupe, Flavio Maestri y Jos\u00e9 Luis Carranza.<\/span><\/p>\n<p><span style=\"color: #000000;\">La carrera Deporte Per\u00fa 5K se desarrollar\u00e1 el domingo 9 de junio y tendr\u00e1 como punto de concentraci\u00f3n y partida el ingreso principal del Circuito M\u00e1gico del Agua, en la cuadra 1 de la calle Madre de Dios, frente a la explanada sur del Estadio Nacional, desde las 7:30 de la ma\u00f1ana.<\/span><\/p>\n<p><span style=\"color: #000000;\">Las inscripciones para el p\u00fablico en general son gratuitas a trav\u00e9s del siguiente enlace: http:\/\/carreratp.acrenet.es\/<\/span><\/p>\n<p><span style=\"color: #000000;\">Esta actividad se realizar\u00e1 en el marco del 38\u00b0 aniversario del IPD y en reconocimiento a los deportistas y Para deportistas que participar\u00e1n en los XVIII Juegos Panamericanos y Sextos Juegos Parapanamericano.<\/span><\/p>\n<p><img decoding=\"async\" class=\"aligncenter size-full wp-image-18967\" src=\"http:\/\/elinformanteperu.com\/wp-content\/uploads\/2017\/11\/tejeda-bolivarianos.jpg\" alt=\"\" width=\"1800\" height=\"1200\" srcset=\"https:\/\/elinformanteperu.com\/wp-content\/uploads\/2017\/11\/tejeda-bolivarianos.jpg 1800w, https:\/\/elinformanteperu.com\/wp-content\/uploads\/2017\/11\/tejeda-bolivarianos-300x200.jpg 300w, https:\/\/elinformanteperu.com\/wp-content\/uploads\/2017\/11\/tejeda-bolivarianos-768x512.jpg 768w, https:\/\/elinformanteperu.com\/wp-content\/uploads\/2017\/11\/tejeda-bolivarianos-1024x683.jpg 1024w, https:\/\/elinformanteperu.com\/wp-content\/uploads\/2017\/11\/tejeda-bolivarianos-128x85.jpg 128w, https:\/\/elinformanteperu.com\/wp-content\/uploads\/2017\/11\/tejeda-bolivarianos-32x21.jpg 32w\" sizes=\"(max-width: 1800px) 100vw, 1800px\" \/><\/p>\n","protected":false},"excerpt":{"rendered":"<p>La atleta nacional, Gladys Tejeda, confirm\u00f3 su participaci\u00f3n este domingo 9 de junio en la carrera Deporte Per\u00fa 5K, que organiza el IPD. Lima, 04 Junio 2019, (ANDINA).- La atleta nacional, Gladys Tejeda, confirm\u00f3 su participaci\u00f3n este domingo 9 de junio en la carrera Deporte Per\u00fa 5K, que organiza el Instituto Peruano del Deporte (IPD) [&hellip;]<\/p>\n","protected":false},"author":1,"featured_media":18964,"comment_status":"open","ping_status":"open","sticky":false,"template":"","format":"standard","meta":{"rop_custom_images_group":[],"rop_custom_messages_group":[],"rop_publish_now":"initial","rop_publish_now_accounts":[],"rop_publish_now_history":[],"rop_publish_now_status":"pending","footnotes":""},"categories":[8],"tags":[582,417],"class_list":["post-50477","post","type-post","status-publish","format-standard","has-post-thumbnail","hentry","category-disciplinas-deportivas","tag-gladys-tejeda","tag-ipd"],"_links":{"self":[{"href":"https:\/\/elinformanteperu.com\/index.php\/wp-json\/wp\/v2\/posts\/50477","targetHints":{"allow":["GET"]}}],"collection":[{"href":"https:\/\/elinformanteperu.com\/index.php\/wp-json\/wp\/v2\/posts"}],"about":[{"href":"https:\/\/elinformanteperu.com\/index.php\/wp-json\/wp\/v2\/types\/post"}],"author":[{"embeddable":true,"href":"https:\/\/elinformanteperu.com\/index.php\/wp-json\/wp\/v2\/users\/1"}],"replies":[{"embeddable":true,"href":"https:\/\/elinformanteperu.com\/index.php\/wp-json\/wp\/v2\/comments?post=50477"}],"version-history":[{"count":1,"href":"https:\/\/elinformanteperu.com\/index.php\/wp-json\/wp\/v2\/posts\/50477\/revisions"}],"predecessor-version":[{"id":50478,"href":"https:\/\/elinformanteperu.com\/index.php\/wp-json\/wp\/v2\/posts\/50477\/revisions\/50478"}],"wp:featuredmedia":[{"embeddable":true,"href":"https:\/\/elinformanteperu.com\/index.php\/wp-json\/wp\/v2\/media\/18964"}],"wp:attachment":[{"href":"https:\/\/elinformanteperu.com\/index.php\/wp-json\/wp\/v2\/media?parent=50477"}],"wp:term":[{"taxonomy":"category","embeddable":true,"href":"https:\/\/elinformanteperu.com\/index.php\/wp-json\/wp\/v2\/categories?post=50477"},{"taxonomy":"post_tag","embeddable":true,"href":"https:\/\/elinformanteperu.com\/index.php\/wp-json\/wp\/v2\/tags?post=50477"}],"curies":[{"name":"wp","href":"https:\/\/api.w.org\/{rel}","templated":true}]}}