{"id":50471,"date":"2019-06-04T20:03:33","date_gmt":"2019-06-05T01:03:33","guid":{"rendered":"http:\/\/elinformanteperu.com\/?p=50471"},"modified":"2019-06-04T20:03:33","modified_gmt":"2019-06-05T01:03:33","slug":"lima-2019-entregan-moderno-centro-acuatico-para-competencias-de-natacion","status":"publish","type":"post","link":"https:\/\/elinformanteperu.com\/index.php\/2019\/06\/04\/lima-2019-entregan-moderno-centro-acuatico-para-competencias-de-natacion\/","title":{"rendered":"Lima 2019: Entregan moderno Centro Acu\u00e1tico para competencias de nataci\u00f3n"},"content":{"rendered":"<p><strong><span style=\"color: #000000;\">La ministra de Transportes, Mar\u00eda Jara y el Presidente de Panam Sports, Neven Ilic, participaron en la ceremonia de entrega. En este escenario se realizar\u00e1n las competencias de Nataci\u00f3n en los Juegos Panamericanos.<\/span><\/strong><\/p>\n<p><span style=\"color: #000000;\"><strong>Lima, 04 Junio 2019, (ANDINA).-<\/strong> La ministra de Transportes, Mar\u00eda Jara y el Presidente de Panam Sports, Neven Ilic, participaron en la ceremonia de entrega. En este escenario se realizar\u00e1n las competencias de Nataci\u00f3n, Nataci\u00f3n Art\u00edstica, Clavados y Para nataci\u00f3n en los Juegos Panamericanos y Parapanamericanos.<\/span><\/p>\n<p><span style=\"color: #000000;\">En un hecho hist\u00f3rico para el deporte peruano, esta ma\u00f1ana, se entreg\u00f3 el Centro Acu\u00e1tico de la Videna, con el que nuestro pa\u00eds contar\u00e1 con un nuevo escenario para la Nataci\u00f3n, despu\u00e9s de 57 a\u00f1os cuando en 1962 fue inaugurado el local del Campo de Marte.<\/span><\/p>\n<p><span style=\"color: #000000;\">Este nuevo escenario, entregado a la Federaci\u00f3n Peruana de Nataci\u00f3n y a la Asociaci\u00f3n Nacional Paral\u00edmpica del Per\u00fa, es considerado uno de los mayores hitos de los Juegos Panamericanos y Parapanamericanos Lima 2019.<\/span><\/p>\n<p><span style=\"color: #000000;\">El escenario fue construido en su totalidad por el Comit\u00e9 Organizador de los Juegos y, en la actualidad, es uno de los m\u00e1s modernos del continente, pudiendo albergar en el futuro las competencias m\u00e1s importantes a nivel internacional.<\/span><\/p>\n<p><span style=\"color: #000000;\">En el acto protocolar de entrega, participaron la m-inistra de Transportes y Comunicaciones, Mar\u00eda Jara; el Presidente de Panam Sports, Neven Ilic; el Director Ejecutivo de Lima 2019, Carlos Neuhaus Tudela; as\u00ed como el titular de la Federaci\u00f3n Peruana de Nataci\u00f3n, Eduardo Tabini y la presidenta de la Asociaci\u00f3n Nacional Paral\u00edmpica del Per\u00fa, Lucha Villar, quienes firmaron el convenio para que sus deportistas comiencen a prepararse en este moderno escenario para los Juegos Lima 2019. Este es el escenario 13 que se entrega a las federaciones nacionales.<\/span><\/p>\n<p><img fetchpriority=\"high\" decoding=\"async\" class=\"aligncenter size-full wp-image-50473\" src=\"http:\/\/elinformanteperu.com\/wp-content\/uploads\/2019\/06\/natacion-panamericanos3.jpg\" alt=\"\" width=\"500\" height=\"300\" srcset=\"https:\/\/elinformanteperu.com\/wp-content\/uploads\/2019\/06\/natacion-panamericanos3.jpg 500w, https:\/\/elinformanteperu.com\/wp-content\/uploads\/2019\/06\/natacion-panamericanos3-300x180.jpg 300w, https:\/\/elinformanteperu.com\/wp-content\/uploads\/2019\/06\/natacion-panamericanos3-128x77.jpg 128w, https:\/\/elinformanteperu.com\/wp-content\/uploads\/2019\/06\/natacion-panamericanos3-32x19.jpg 32w\" sizes=\"(max-width: 500px) 100vw, 500px\" \/><\/p>\n<p><span style=\"color: #000000;\">La Ministra Mar\u00eda Jara felicit\u00f3 al Comit\u00e9 Organizador por hacer realidad la competencia multideportiva m\u00e1s importante del continente en nuestro pa\u00eds.<\/span><\/p>\n<p><span style=\"color: #000000;\">\u201cQuiero felicitar a todo el equipo de Lima 2019 por concretar un sue\u00f1o. Hemos superado dificultades, pero as\u00ed somos los peruanos. Honestos y que creemos en los sue\u00f1os. Toda esta infraestructura quedar\u00e1 como un legado para que los j\u00f3venes lo puedan aprovechar. En el gobierno estamos convencidos de que Lima 2019 nos dar\u00e1 la oportunidad de estar en el centro de las miradas del mundo. Los valores del deporte nos deben ayudar como sociedad por el juego limpio. Vamos a seguir apoyando y empujando el proyecto. Tiene y van a salir bien los Juegos\u201d, expres\u00f3.<\/span><\/p>\n<p><span style=\"color: #000000;\">Neven Ilic, Presidente de Panam Sports, dijo sentirse emocionado por ser parte de esta nueva entrega. \u201cEs dif\u00edcil expresar lo que siento. Esto cost\u00f3 mucho. Hace un a\u00f1o y medio se ve\u00eda dif\u00edcil, pero logramos la tarea. Este Centro Acu\u00e1tico es una maravilla. Estamos seguros de que los Juegos van a estar en lo m\u00e1s alto. Gracias al Per\u00fa por su trabajo y profesionalismo. Es maravilloso ver todo esto, incre\u00edble. Estuve en muchos Juegos, pero lo que han hecho ac\u00e1 no tiene comparaci\u00f3n. Todo es incre\u00edble en la Videna y la Villa Panamericana est\u00e1 espectacular. Ac\u00e1 jugaron juntos con el Gobierno y, por eso, salieron bien las cosas. Como Panam Sports sentimos que la mesa est\u00e1 servida. Han hecho un trabajo fant\u00e1stico\u201d, expres\u00f3 emocionado, Neven Ilic.<\/span><\/p>\n<p><img decoding=\"async\" class=\"aligncenter size-full wp-image-50474\" src=\"http:\/\/elinformanteperu.com\/wp-content\/uploads\/2019\/06\/natacion-panamericanos1.jpg\" alt=\"\" width=\"500\" height=\"346\" srcset=\"https:\/\/elinformanteperu.com\/wp-content\/uploads\/2019\/06\/natacion-panamericanos1.jpg 500w, https:\/\/elinformanteperu.com\/wp-content\/uploads\/2019\/06\/natacion-panamericanos1-300x208.jpg 300w, https:\/\/elinformanteperu.com\/wp-content\/uploads\/2019\/06\/natacion-panamericanos1-128x89.jpg 128w, https:\/\/elinformanteperu.com\/wp-content\/uploads\/2019\/06\/natacion-panamericanos1-32x22.jpg 32w\" sizes=\"(max-width: 500px) 100vw, 500px\" \/><\/p>\n<p><span style=\"color: #000000;\">En tanto, Carlos Neuhaus, Presidente de Lima 2019, expres\u00f3 su satisfacci\u00f3n por esta nueva entrega de un escenario deportivo. \u201cRecuerdo que en 1962 se inaugur\u00f3 el Centro Acu\u00e1tico del Campo de Marte y trajeron a una nadadora de Estados Unidos, Donna De Varona, que gan\u00f3 medalla en los Juegos Ol\u00edmpicos de Tokio 1964. All\u00ed donde estuvieron Ricardo Duarte, el mayor encestador en baloncesto en Tokio, y Choco de Vivanco, la nadadora m\u00e1s joven en esos Juegos, quienes hoy nos acompa\u00f1an. Desde esa fecha no cont\u00e1bamos con un escenario adecuado como ahora tendr\u00e1n en la Videna. Este ser\u00e1 un legado importante para los deportistas. Estamos en las fechas de descuento y vamos avanzando bien\u201d, afirm\u00f3 Neuhaus.<\/span><\/p>\n<p><span style=\"color: #000000;\">Mientras que Lucha Villar y Eduardo Tabini, agradecieron a nombre de sus instituciones la entrega de este nuevo escenario. En Para nataci\u00f3n, ser\u00e1n 40 deportistas los beneficiados para su preparaci\u00f3n.<\/span><\/p>\n<p><span style=\"color: #000000;\">A nombre de los deportistas, Dunia Felices, Embajadora de Lima 2019, felicit\u00f3 la puesta en funcionamiento del Centro Acu\u00e1tico. \u201cLos sue\u00f1os se trabajan. Estoy muy emocionada por estar en este escenario. Solo puedo decir \u2018manos y pies para qu\u00e9, si puedo nadar\u2019\u201d, dijo la Para nadadora. Alexia Sotomayor, a nombre los nadadores, agradeci\u00f3 las mejores condiciones en las que se preparar\u00e1n.<\/span><\/p>\n<p><span style=\"color: #000000;\">Luego de la ceremonia, la selecci\u00f3n de Nataci\u00f3n Art\u00edstica (antes nado sincronizado) y los Para nadadores, realizaron demostraciones en las nuevas piscinas.<\/span><\/p>\n<p><span style=\"color: #000000;\">El Centro Acu\u00e1tico ser\u00e1 sede de la Nataci\u00f3n, Clavados y Nataci\u00f3n Art\u00edstica en los Panamericanos, mientras que la Para Nataci\u00f3n se disputar\u00e1 en los Parapanamericanos. Las cuatro disciplinas son clasificatorias para los Juegos Ol\u00edmpicos y Paral\u00edmpicos del pr\u00f3ximo a\u00f1o en Tokio, por lo que se tiene asegurada la presencia de los mayores exponentes acu\u00e1ticos de Am\u00e9rica en estos cert\u00e1menes.<\/span><\/p>\n<p><strong><span style=\"color: #000000;\">Escenario moderno<\/span><\/strong><\/p>\n<p><span style=\"color: #000000;\">El Centro Acu\u00e1tico cuenta una piscina de calentamiento de 50 metros de largo, 25 metros de ancho y 2 metros de profundidad; adem\u00e1s de una alberca ol\u00edmpica de Nataci\u00f3n, de 50 metros de largo, 25 metros de ancho y 3 metros de profundidad y, por \u00faltimo, una piscina de Clavados de 21 metros de largo, 25 metros de ancho y 5,5 metros de profundidad.<\/span><\/p>\n<p><span style=\"color: #000000;\">El recinto acu\u00e1tico es uno de los tres escenarios que Lima 2019 construy\u00f3 en la VIDENA. Tiene vestidores y duchas, zona com\u00fan para competidores, zona para jueces, t\u00f3pico para atletas y espectadores, zona mixta para periodistas acreditados y zona para el control antidopaje. Todo el recinto est\u00e1 certificado por la Federaci\u00f3n Internacional de Nataci\u00f3n (FINA).<\/span><\/p>\n<p><img decoding=\"async\" class=\"aligncenter size-full wp-image-50475\" src=\"http:\/\/elinformanteperu.com\/wp-content\/uploads\/2019\/06\/natacion-panamericanos2.jpg\" alt=\"\" width=\"500\" height=\"305\" srcset=\"https:\/\/elinformanteperu.com\/wp-content\/uploads\/2019\/06\/natacion-panamericanos2.jpg 500w, https:\/\/elinformanteperu.com\/wp-content\/uploads\/2019\/06\/natacion-panamericanos2-300x183.jpg 300w, https:\/\/elinformanteperu.com\/wp-content\/uploads\/2019\/06\/natacion-panamericanos2-128x78.jpg 128w, https:\/\/elinformanteperu.com\/wp-content\/uploads\/2019\/06\/natacion-panamericanos2-32x20.jpg 32w\" sizes=\"(max-width: 500px) 100vw, 500px\" \/><\/p>\n","protected":false},"excerpt":{"rendered":"<p>La ministra de Transportes, Mar\u00eda Jara y el Presidente de Panam Sports, Neven Ilic, participaron en la ceremonia de entrega. En este escenario se realizar\u00e1n las competencias de Nataci\u00f3n en los Juegos Panamericanos. Lima, 04 Junio 2019, (ANDINA).- La ministra de Transportes, Mar\u00eda Jara y el Presidente de Panam Sports, Neven Ilic, participaron en la [&hellip;]<\/p>\n","protected":false},"author":1,"featured_media":50472,"comment_status":"open","ping_status":"open","sticky":false,"template":"","format":"standard","meta":{"rop_custom_images_group":[],"rop_custom_messages_group":[],"rop_publish_now":"initial","rop_publish_now_accounts":[],"rop_publish_now_history":[],"rop_publish_now_status":"pending","footnotes":""},"categories":[8],"tags":[753,2003],"class_list":["post-50471","post","type-post","status-publish","format-standard","has-post-thumbnail","hentry","category-disciplinas-deportivas","tag-juegos-panamericanos-2019","tag-parapanamericanos-lima-2019"],"_links":{"self":[{"href":"https:\/\/elinformanteperu.com\/index.php\/wp-json\/wp\/v2\/posts\/50471","targetHints":{"allow":["GET"]}}],"collection":[{"href":"https:\/\/elinformanteperu.com\/index.php\/wp-json\/wp\/v2\/posts"}],"about":[{"href":"https:\/\/elinformanteperu.com\/index.php\/wp-json\/wp\/v2\/types\/post"}],"author":[{"embeddable":true,"href":"https:\/\/elinformanteperu.com\/index.php\/wp-json\/wp\/v2\/users\/1"}],"replies":[{"embeddable":true,"href":"https:\/\/elinformanteperu.com\/index.php\/wp-json\/wp\/v2\/comments?post=50471"}],"version-history":[{"count":1,"href":"https:\/\/elinformanteperu.com\/index.php\/wp-json\/wp\/v2\/posts\/50471\/revisions"}],"predecessor-version":[{"id":50476,"href":"https:\/\/elinformanteperu.com\/index.php\/wp-json\/wp\/v2\/posts\/50471\/revisions\/50476"}],"wp:featuredmedia":[{"embeddable":true,"href":"https:\/\/elinformanteperu.com\/index.php\/wp-json\/wp\/v2\/media\/50472"}],"wp:attachment":[{"href":"https:\/\/elinformanteperu.com\/index.php\/wp-json\/wp\/v2\/media?parent=50471"}],"wp:term":[{"taxonomy":"category","embeddable":true,"href":"https:\/\/elinformanteperu.com\/index.php\/wp-json\/wp\/v2\/categories?post=50471"},{"taxonomy":"post_tag","embeddable":true,"href":"https:\/\/elinformanteperu.com\/index.php\/wp-json\/wp\/v2\/tags?post=50471"}],"curies":[{"name":"wp","href":"https:\/\/api.w.org\/{rel}","templated":true}]}}