{"id":50468,"date":"2019-06-04T19:43:17","date_gmt":"2019-06-05T00:43:17","guid":{"rendered":"http:\/\/elinformanteperu.com\/?p=50468"},"modified":"2019-06-04T19:43:17","modified_gmt":"2019-06-05T00:43:17","slug":"lima-2019-peru-tendra-13-judocas-en-los-juegos-panamericanos","status":"publish","type":"post","link":"https:\/\/elinformanteperu.com\/index.php\/2019\/06\/04\/lima-2019-peru-tendra-13-judocas-en-los-juegos-panamericanos\/","title":{"rendered":"Lima 2019: Per\u00fa tendr\u00e1 13 judocas en los Juegos Panamericanos"},"content":{"rendered":"<p><strong><span style=\"color: #000000;\">La Federaci\u00f3n Deportiva Peruana de Judo (FDPJ) dio a conocer la lista de sus deportistas que nos representar\u00e1n en los Juegos Panamericanos Lima 2019.<\/span><\/strong><\/p>\n<p><span style=\"color: #000000;\"><strong>Lima, 04 Junio 2019, (ANDINA).-<\/strong> La Federaci\u00f3n Deportiva Peruana de Judo (FDPJ) dio a conocer la lista de sus deportistas que nos representar\u00e1n en los Juegos Panamericanos Lima 2019.<\/span><\/p>\n<p><span style=\"color: #000000;\">El equipo nacional lo integran 13 judocas, del TOP PER\u00da y del Programa de Apoyo al Deportista (PAD) del IPD, quienes buscar\u00e1n medallas hist\u00f3ricas en el m\u00e1ximo evento deportivo del continente.<\/span><\/p>\n<p><span style=\"color: #000000;\">Cabe se\u00f1alar que la Federaci\u00f3n de Judo ha recibido este a\u00f1o, como parte de las subvenciones econ\u00f3micas que entrega el IPD, la cantidad de un mill\u00f3n 926 mil 861.45 soles, en dos tramos (enero y abril), que sirven para la adecuada preparaci\u00f3n de sus deportistas.<\/span><\/p>\n<p><span style=\"color: #000000;\">Esta es la lista de judocas para los Juegos Panamericanos:<\/span><\/p>\n<p><span style=\"color: #000000;\">\u2022 Noemi Huayhuameza (-48 kg) (PAD)<\/span><\/p>\n<p><span style=\"color: #000000;\">\u2022 Brillith Gamarra (-52 kg) (TOP PER\u00da)<\/span><\/p>\n<p><span style=\"color: #000000;\">\u2022 Kiara Arango (-57 kg) (PAD)<\/span><\/p>\n<p><span style=\"color: #000000;\">\u2022 Ariana Cornejo (-63 kg) (PAD)<\/span><\/p>\n<p><span style=\"color: #000000;\">\u2022 Xsara Morales (-70 kg) (PAD)<\/span><\/p>\n<p><span style=\"color: #000000;\">\u2022 Camila Figueroa (- 78kg) (TOP PER\u00da)<\/span><\/p>\n<p><span style=\"color: #000000;\">\u2022 Dilmer Calle (-60 kg) (TOP PER\u00da)<\/span><\/p>\n<p><span style=\"color: #000000;\">\u2022 Juan Postigos (-66 kg) (TOP PER\u00da)<\/span><\/p>\n<p><span style=\"color: #000000;\">\u2022 Alonso Wong (-73 kg) (TOP PER\u00da)<\/span><\/p>\n<p><span style=\"color: #000000;\">\u2022 Luis \u00c1ngeles (-81 kg) (TOP PER\u00da)<\/span><\/p>\n<p><span style=\"color: #000000;\">\u2022 Yuta Galarreta (-90 kg) (TOP PER\u00da)<\/span><\/p>\n<p><span style=\"color: #000000;\">\u2022 Jos\u00e9 Arroyo (-100 kg) (TOP PER\u00da)<\/span><\/p>\n<p><span style=\"color: #000000;\">\u2022 Frank Alvarado (+100 kg) (TOP PER\u00da).<\/span><\/p>\n<p><img fetchpriority=\"high\" decoding=\"async\" class=\"aligncenter size-full wp-image-31089\" src=\"http:\/\/elinformanteperu.com\/wp-content\/uploads\/2018\/07\/Juegos-Panamericanos-Lima-2.jpg\" alt=\"\" width=\"1800\" height=\"1200\" srcset=\"https:\/\/elinformanteperu.com\/wp-content\/uploads\/2018\/07\/Juegos-Panamericanos-Lima-2.jpg 1800w, https:\/\/elinformanteperu.com\/wp-content\/uploads\/2018\/07\/Juegos-Panamericanos-Lima-2-300x200.jpg 300w, https:\/\/elinformanteperu.com\/wp-content\/uploads\/2018\/07\/Juegos-Panamericanos-Lima-2-768x512.jpg 768w, https:\/\/elinformanteperu.com\/wp-content\/uploads\/2018\/07\/Juegos-Panamericanos-Lima-2-1024x683.jpg 1024w, https:\/\/elinformanteperu.com\/wp-content\/uploads\/2018\/07\/Juegos-Panamericanos-Lima-2-128x85.jpg 128w, https:\/\/elinformanteperu.com\/wp-content\/uploads\/2018\/07\/Juegos-Panamericanos-Lima-2-32x21.jpg 32w\" sizes=\"(max-width: 1800px) 100vw, 1800px\" \/><\/p>\n","protected":false},"excerpt":{"rendered":"<p>La Federaci\u00f3n Deportiva Peruana de Judo (FDPJ) dio a conocer la lista de sus deportistas que nos representar\u00e1n en los Juegos Panamericanos Lima 2019. Lima, 04 Junio 2019, (ANDINA).- La Federaci\u00f3n Deportiva Peruana de Judo (FDPJ) dio a conocer la lista de sus deportistas que nos representar\u00e1n en los Juegos Panamericanos Lima 2019. El equipo [&hellip;]<\/p>\n","protected":false},"author":1,"featured_media":50469,"comment_status":"open","ping_status":"open","sticky":false,"template":"","format":"standard","meta":{"rop_custom_images_group":[],"rop_custom_messages_group":[],"rop_publish_now":"initial","rop_publish_now_accounts":[],"rop_publish_now_history":[],"rop_publish_now_status":"pending","footnotes":""},"categories":[8],"tags":[753,2003],"class_list":["post-50468","post","type-post","status-publish","format-standard","has-post-thumbnail","hentry","category-disciplinas-deportivas","tag-juegos-panamericanos-2019","tag-parapanamericanos-lima-2019"],"_links":{"self":[{"href":"https:\/\/elinformanteperu.com\/index.php\/wp-json\/wp\/v2\/posts\/50468","targetHints":{"allow":["GET"]}}],"collection":[{"href":"https:\/\/elinformanteperu.com\/index.php\/wp-json\/wp\/v2\/posts"}],"about":[{"href":"https:\/\/elinformanteperu.com\/index.php\/wp-json\/wp\/v2\/types\/post"}],"author":[{"embeddable":true,"href":"https:\/\/elinformanteperu.com\/index.php\/wp-json\/wp\/v2\/users\/1"}],"replies":[{"embeddable":true,"href":"https:\/\/elinformanteperu.com\/index.php\/wp-json\/wp\/v2\/comments?post=50468"}],"version-history":[{"count":1,"href":"https:\/\/elinformanteperu.com\/index.php\/wp-json\/wp\/v2\/posts\/50468\/revisions"}],"predecessor-version":[{"id":50470,"href":"https:\/\/elinformanteperu.com\/index.php\/wp-json\/wp\/v2\/posts\/50468\/revisions\/50470"}],"wp:featuredmedia":[{"embeddable":true,"href":"https:\/\/elinformanteperu.com\/index.php\/wp-json\/wp\/v2\/media\/50469"}],"wp:attachment":[{"href":"https:\/\/elinformanteperu.com\/index.php\/wp-json\/wp\/v2\/media?parent=50468"}],"wp:term":[{"taxonomy":"category","embeddable":true,"href":"https:\/\/elinformanteperu.com\/index.php\/wp-json\/wp\/v2\/categories?post=50468"},{"taxonomy":"post_tag","embeddable":true,"href":"https:\/\/elinformanteperu.com\/index.php\/wp-json\/wp\/v2\/tags?post=50468"}],"curies":[{"name":"wp","href":"https:\/\/api.w.org\/{rel}","templated":true}]}}