{"id":50462,"date":"2019-06-04T19:28:34","date_gmt":"2019-06-05T00:28:34","guid":{"rendered":"http:\/\/elinformanteperu.com\/?p=50462"},"modified":"2019-06-04T19:28:34","modified_gmt":"2019-06-05T00:28:34","slug":"james-rodriguez-enfrentara-a-peru-el-domingo-9-de-junio","status":"publish","type":"post","link":"https:\/\/elinformanteperu.com\/index.php\/2019\/06\/04\/james-rodriguez-enfrentara-a-peru-el-domingo-9-de-junio\/","title":{"rendered":"James Rodr\u00edguez enfrentar\u00e1 a Per\u00fa el domingo 9 de junio"},"content":{"rendered":"<p><strong><span style=\"color: #000000;\">El DT de la selecci\u00f3n colombiana de f\u00fatbol, el portugu\u00e9s Carlos Queiroz, confirm\u00f3 que el volante, James Rodr\u00edguez actuar\u00e1 el pr\u00f3ximo domingo ante Per\u00fa, previo a la Copa Am\u00e9rica.<\/span><\/strong><\/p>\n<p><span style=\"color: #000000;\"><strong>Lima, 04 Junio 2019, (ANDINA).-<\/strong> El director t\u00e9cnico de la selecci\u00f3n colombiana de f\u00fatbol, el portugu\u00e9s Carlos Queiroz, confirm\u00f3 que el volante del Bayern M\u00fanich James Rodr\u00edguez actuar\u00e1 el pr\u00f3ximo domingo en el segundo juego amistoso de la tricolor previo a la Copa Am\u00e9rica.<\/span><\/p>\n<p><span style=\"color: #000000;\">\u00abEstos 15 minutos hacen parte de su planeamiento, su preparaci\u00f3n, para la pr\u00f3xima semana intensificarlo m\u00e1s y estar seguro que contra Per\u00fa va a salir bien y va a poder jugar no 90 minutos, pero s\u00ed al menos llegar arriba de los 75 minutos\u00bb, afirm\u00f3 a periodistas.<\/span><\/p>\n<p><span style=\"color: #000000;\">El estratega se refiri\u00f3 as\u00ed en la rueda de prensa que dio despu\u00e9s de que el equipo tricolor venciera 3-0 a su par de Panam\u00e1 en un juego amistoso donde James ingres\u00f3 al minuto 64 y mostr\u00f3 un gran nivel futbol\u00edstico.<\/span><\/p>\n<p><span style=\"color: #000000;\">Queiroz agreg\u00f3 que el cuerpo t\u00e9cnico est\u00e1 trabajando \u00abcon mucho cuidado\u00bb en el proceso de recuperaci\u00f3n del volante, quien desde el pasado abril sufre una molestia muscular que lo ha apartado del terreno de juego.<\/span><\/p>\n<p><span style=\"color: #000000;\">\u00abAyer el cuerpo medico despu\u00e9s del entrenamiento ha decidido hacer una evaluaci\u00f3n. Este tipo de lesiones hay que ir d\u00eda a d\u00eda y \u00e9l no estaba sintiendo ninguna reacci\u00f3n\u00bb, subray\u00f3.<\/span><\/p>\n<p><span style=\"color: #000000;\">Colombia derrot\u00f3 en el estadio El Camp\u00edn de Bogot\u00e1 a la selecci\u00f3n &#8216;canalera&#8217; con tantos del defensa William Tesillo y los delanteros Falcao Garc\u00eda y Luis Fernando Muriel.<\/span><\/p>\n<p><span style=\"color: #000000;\">Despu\u00e9s de este encuentro, la &#8216;cafetera&#8217; seguir\u00e1 entren\u00e1ndose en la capital colombiana hasta que el pr\u00f3ximo viernes viaje a Lima, donde ultimar\u00e1 los detalles de su encuentro ante Per\u00fa.<\/span><\/p>\n<p><span style=\"color: #000000;\">Con estos partidos Queiroz prepara la Copa Am\u00e9rica en Brasil, donde debutar\u00e1 ante Argentina el pr\u00f3ximo 17 de junio y en la que enfrentar\u00e1 adem\u00e1s a Paraguay y Qatar, selecciones con las que conforma el Grupo B.<\/span><\/p>\n<p><span style=\"color: #000000;\">Tras la victoria en su tercer partido al mando de la selecci\u00f3n, Queiroz destac\u00f3 la voluntad defensiva de todo el equipo y el buen control del bal\u00f3n, factores con los que dice: \u00abestoy intentando procurar una identidad para el equipo\u00bb.<\/span><\/p>\n<p><span style=\"color: #000000;\">\u00abJugamos con once hombres de recuperaci\u00f3n, todos recuperaron balones, todos son hombres de recuperaci\u00f3n, tienen caracter\u00edsticas diferentes pero el sistema que nosotros tenemos que desarrollar es muy sencillo: defender con once\u00bb, acot\u00f3.<\/span><\/p>\n<p><span style=\"color: #000000;\">Seg\u00fan el t\u00e9cnico, cuando Colombia necesita recuperar el bal\u00f3n no es aceptable \u00abtener jugadores de recuperaci\u00f3n y jugadores de transici\u00f3n\u00bb, pues esa f\u00f3rmula no tiene vigencia en el f\u00fatbol actual.<\/span><\/p>\n<p><img fetchpriority=\"high\" decoding=\"async\" class=\"aligncenter size-full wp-image-47131\" src=\"http:\/\/elinformanteperu.com\/wp-content\/uploads\/2019\/04\/peru-colombia5.jpg\" alt=\"\" width=\"1800\" height=\"1212\" srcset=\"https:\/\/elinformanteperu.com\/wp-content\/uploads\/2019\/04\/peru-colombia5.jpg 1800w, https:\/\/elinformanteperu.com\/wp-content\/uploads\/2019\/04\/peru-colombia5-300x202.jpg 300w, https:\/\/elinformanteperu.com\/wp-content\/uploads\/2019\/04\/peru-colombia5-768x517.jpg 768w, https:\/\/elinformanteperu.com\/wp-content\/uploads\/2019\/04\/peru-colombia5-1024x689.jpg 1024w, https:\/\/elinformanteperu.com\/wp-content\/uploads\/2019\/04\/peru-colombia5-128x86.jpg 128w, https:\/\/elinformanteperu.com\/wp-content\/uploads\/2019\/04\/peru-colombia5-32x22.jpg 32w\" sizes=\"(max-width: 1800px) 100vw, 1800px\" \/><\/p>\n","protected":false},"excerpt":{"rendered":"<p>El DT de la selecci\u00f3n colombiana de f\u00fatbol, el portugu\u00e9s Carlos Queiroz, confirm\u00f3 que el volante, James Rodr\u00edguez actuar\u00e1 el pr\u00f3ximo domingo ante Per\u00fa, previo a la Copa Am\u00e9rica. Lima, 04 Junio 2019, (ANDINA).- El director t\u00e9cnico de la selecci\u00f3n colombiana de f\u00fatbol, el portugu\u00e9s Carlos Queiroz, confirm\u00f3 que el volante del Bayern M\u00fanich James [&hellip;]<\/p>\n","protected":false},"author":1,"featured_media":50463,"comment_status":"open","ping_status":"open","sticky":false,"template":"","format":"standard","meta":{"rop_custom_images_group":[],"rop_custom_messages_group":[],"rop_publish_now":"initial","rop_publish_now_accounts":[],"rop_publish_now_history":[],"rop_publish_now_status":"pending","footnotes":""},"categories":[8],"tags":[4275,83,1587,137],"class_list":["post-50462","post","type-post","status-publish","format-standard","has-post-thumbnail","hentry","category-disciplinas-deportivas","tag-carlos-queiroz","tag-colombia","tag-james-rodriguez","tag-seleccion-peruana"],"_links":{"self":[{"href":"https:\/\/elinformanteperu.com\/index.php\/wp-json\/wp\/v2\/posts\/50462","targetHints":{"allow":["GET"]}}],"collection":[{"href":"https:\/\/elinformanteperu.com\/index.php\/wp-json\/wp\/v2\/posts"}],"about":[{"href":"https:\/\/elinformanteperu.com\/index.php\/wp-json\/wp\/v2\/types\/post"}],"author":[{"embeddable":true,"href":"https:\/\/elinformanteperu.com\/index.php\/wp-json\/wp\/v2\/users\/1"}],"replies":[{"embeddable":true,"href":"https:\/\/elinformanteperu.com\/index.php\/wp-json\/wp\/v2\/comments?post=50462"}],"version-history":[{"count":1,"href":"https:\/\/elinformanteperu.com\/index.php\/wp-json\/wp\/v2\/posts\/50462\/revisions"}],"predecessor-version":[{"id":50464,"href":"https:\/\/elinformanteperu.com\/index.php\/wp-json\/wp\/v2\/posts\/50462\/revisions\/50464"}],"wp:featuredmedia":[{"embeddable":true,"href":"https:\/\/elinformanteperu.com\/index.php\/wp-json\/wp\/v2\/media\/50463"}],"wp:attachment":[{"href":"https:\/\/elinformanteperu.com\/index.php\/wp-json\/wp\/v2\/media?parent=50462"}],"wp:term":[{"taxonomy":"category","embeddable":true,"href":"https:\/\/elinformanteperu.com\/index.php\/wp-json\/wp\/v2\/categories?post=50462"},{"taxonomy":"post_tag","embeddable":true,"href":"https:\/\/elinformanteperu.com\/index.php\/wp-json\/wp\/v2\/tags?post=50462"}],"curies":[{"name":"wp","href":"https:\/\/api.w.org\/{rel}","templated":true}]}}