{"id":50458,"date":"2019-06-04T19:14:55","date_gmt":"2019-06-05T00:14:55","guid":{"rendered":"http:\/\/elinformanteperu.com\/?p=50458"},"modified":"2019-06-04T19:14:55","modified_gmt":"2019-06-05T00:14:55","slug":"alicia-machado-gaby-spanic-y-otras-figuras-mexicanas-en-lima","status":"publish","type":"post","link":"https:\/\/elinformanteperu.com\/index.php\/2019\/06\/04\/alicia-machado-gaby-spanic-y-otras-figuras-mexicanas-en-lima\/","title":{"rendered":"Alicia Machado, Gaby Spanic y otras figuras mexicanas en Lima"},"content":{"rendered":"<p><strong><span style=\"color: #000000;\">Luego del \u00e9xito de la obra \u201cLas Arp\u00edas\u201d, las actrices Gaby Spanic, Sonya Smith, Lupita Ferrer, Patricia Manterola, Ana Patricia Rojo y Alicia Machado llegar\u00e1n a Lima.<\/span><\/strong><\/p>\n<p><span style=\"color: #000000;\"><strong>Lima, 04 Junio 2019, (ANDINA).-<\/strong> Luego del \u00e9xito de la obra \u201cLas Arp\u00edas\u201d, las actrices Gaby Spanic, Sonya Smith, Lupita Ferrer, Patricia Manterola, Ana Patricia Rojo y Alicia Machado llegar\u00e1n a Lima con la puesta \u00abDivinas\u00bb.<\/span><\/p>\n<p><span style=\"color: #000000;\">\u201cDivinas\u201d es una puesta escrita por Indira P\u00e1ez y dirigida Daniel Ferrer Cubill\u00e1n que se presentar\u00e1 el pr\u00f3ximo viernes 19 de julio en dos \u00fanicas funciones en nuestra capital, a las 20:00 y 22:30 horas. La cita es en el Centro Convenciones Mar\u00eda Angola.<\/span><\/p>\n<p><span style=\"color: #000000;\">Tambi\u00e9n visitar\u00e1n la ciudad de Arequipa, este 20 de julio, en una doble funci\u00f3n en el teatro F\u00e9nix, a las 19:00 y 21:30 horas.<\/span><\/p>\n<p><span style=\"color: #000000;\">Las localidades est\u00e1n disponibles en Teleticket.<\/span><\/p>\n<p><img fetchpriority=\"high\" decoding=\"async\" class=\"aligncenter size-full wp-image-50460\" src=\"http:\/\/elinformanteperu.com\/wp-content\/uploads\/2019\/06\/Alicia-Machado-Gaby-Spanic1.jpg\" alt=\"\" width=\"760\" height=\"500\" srcset=\"https:\/\/elinformanteperu.com\/wp-content\/uploads\/2019\/06\/Alicia-Machado-Gaby-Spanic1.jpg 760w, https:\/\/elinformanteperu.com\/wp-content\/uploads\/2019\/06\/Alicia-Machado-Gaby-Spanic1-300x197.jpg 300w, https:\/\/elinformanteperu.com\/wp-content\/uploads\/2019\/06\/Alicia-Machado-Gaby-Spanic1-128x84.jpg 128w, https:\/\/elinformanteperu.com\/wp-content\/uploads\/2019\/06\/Alicia-Machado-Gaby-Spanic1-32x21.jpg 32w\" sizes=\"(max-width: 760px) 100vw, 760px\" \/><\/p>\n","protected":false},"excerpt":{"rendered":"<p>Luego del \u00e9xito de la obra \u201cLas Arp\u00edas\u201d, las actrices Gaby Spanic, Sonya Smith, Lupita Ferrer, Patricia Manterola, Ana Patricia Rojo y Alicia Machado llegar\u00e1n a Lima. Lima, 04 Junio 2019, (ANDINA).- Luego del \u00e9xito de la obra \u201cLas Arp\u00edas\u201d, las actrices Gaby Spanic, Sonya Smith, Lupita Ferrer, Patricia Manterola, Ana Patricia Rojo y Alicia [&hellip;]<\/p>\n","protected":false},"author":1,"featured_media":50459,"comment_status":"open","ping_status":"open","sticky":false,"template":"","format":"standard","meta":{"rop_custom_images_group":[],"rop_custom_messages_group":[],"rop_publish_now":"initial","rop_publish_now_accounts":[],"rop_publish_now_history":[],"rop_publish_now_status":"pending","footnotes":""},"categories":[70],"tags":[4504,4505,4507,4506,1625],"class_list":["post-50458","post","type-post","status-publish","format-standard","has-post-thumbnail","hentry","category-farandula","tag-alicia-machado","tag-gaby-spanic","tag-lupita-ferrer","tag-sonya-smith","tag-teatro"],"_links":{"self":[{"href":"https:\/\/elinformanteperu.com\/index.php\/wp-json\/wp\/v2\/posts\/50458","targetHints":{"allow":["GET"]}}],"collection":[{"href":"https:\/\/elinformanteperu.com\/index.php\/wp-json\/wp\/v2\/posts"}],"about":[{"href":"https:\/\/elinformanteperu.com\/index.php\/wp-json\/wp\/v2\/types\/post"}],"author":[{"embeddable":true,"href":"https:\/\/elinformanteperu.com\/index.php\/wp-json\/wp\/v2\/users\/1"}],"replies":[{"embeddable":true,"href":"https:\/\/elinformanteperu.com\/index.php\/wp-json\/wp\/v2\/comments?post=50458"}],"version-history":[{"count":1,"href":"https:\/\/elinformanteperu.com\/index.php\/wp-json\/wp\/v2\/posts\/50458\/revisions"}],"predecessor-version":[{"id":50461,"href":"https:\/\/elinformanteperu.com\/index.php\/wp-json\/wp\/v2\/posts\/50458\/revisions\/50461"}],"wp:featuredmedia":[{"embeddable":true,"href":"https:\/\/elinformanteperu.com\/index.php\/wp-json\/wp\/v2\/media\/50459"}],"wp:attachment":[{"href":"https:\/\/elinformanteperu.com\/index.php\/wp-json\/wp\/v2\/media?parent=50458"}],"wp:term":[{"taxonomy":"category","embeddable":true,"href":"https:\/\/elinformanteperu.com\/index.php\/wp-json\/wp\/v2\/categories?post=50458"},{"taxonomy":"post_tag","embeddable":true,"href":"https:\/\/elinformanteperu.com\/index.php\/wp-json\/wp\/v2\/tags?post=50458"}],"curies":[{"name":"wp","href":"https:\/\/api.w.org\/{rel}","templated":true}]}}