{"id":50455,"date":"2019-06-04T18:55:23","date_gmt":"2019-06-04T23:55:23","guid":{"rendered":"http:\/\/elinformanteperu.com\/?p=50455"},"modified":"2019-06-04T18:55:23","modified_gmt":"2019-06-04T23:55:23","slug":"christina-aguilera-confirma-nuevo-album-en-espanol","status":"publish","type":"post","link":"https:\/\/elinformanteperu.com\/index.php\/2019\/06\/04\/christina-aguilera-confirma-nuevo-album-en-espanol\/","title":{"rendered":"Christina Aguilera confirma nuevo \u00e1lbum en espa\u00f1ol"},"content":{"rendered":"<p><strong><span style=\"color: #000000;\">La cantante norteamericana, Christina Aguilera confirm\u00f3 que grabar\u00e1 un nuevo \u00e1lbum en espa\u00f1ol, el segundo de su carrera.<\/span><\/strong><\/p>\n<p><span style=\"color: #000000;\"><strong>Los \u00c1ngeles, 04 Junio 2019, (Prensa Latina).-<\/strong> La cantante Christina Aguilera confirm\u00f3 que grabar\u00e1 un nuevo \u00e1lbum en espa\u00f1ol, el segundo de su carrera, destacan hoy medios especializados.<\/span><\/p>\n<p><span style=\"color: #000000;\">Durante una presentaci\u00f3n, a prop\u00f3sito de su residencia en Las Vegas, la int\u00e9rprete de 38 a\u00f1os anunci\u00f3 que su &#8216;nuevo \u00e1lbum latino est\u00e1 llegando&#8217;.<\/span><\/p>\n<p><span style=\"color: #000000;\">La placa suceder\u00e1 a Mi Reflejo (2000), material que incluy\u00f3 entre otras canciones versiones en espa\u00f1ol de su disco debut, y le vali\u00f3 un premio Grammy Latino al mejor \u00e1lbum vocal pop femenino, siendo la primera artista estadounidense en obtener ese lauro.<\/span><\/p>\n<p><span style=\"color: #000000;\">De este compacto se desprenden los exitosos sencillos Genio atrapado, Ven conmigo (solamente t\u00fa) y Pero me acuerdo de ti, con este ultimo tambi\u00e9n obtuvo una nominaci\u00f3n a los codiciados galardones en la categor\u00eda Grabaci\u00f3n del a\u00f1o.<\/span><\/p>\n<p><span style=\"color: #000000;\">Aguilera comenz\u00f3 su residencia en Las Vegas el 31 de mayo pasado y el 4 de julio iniciar\u00e1 una gira por Europa que la llevar\u00e1 a plazas de Par\u00eds, Amberes, \u00c1msterdam, Berl\u00edn, Stuttgart, Pori (Finlandia), San Petersburgo y Mosc\u00fa.<\/span><\/p>\n<p><span style=\"color: #000000;\">The X-Perience da t\u00edtulo al periplo en el que promocionar\u00e1 su sexto \u00e1lbum de estudio titulado Liberation, el cual entr\u00f3 en circulaci\u00f3n el pasado a\u00f1o acu\u00f1ado por el sello discogr\u00e1fico RCA Records.<\/span><\/p>\n<p><span style=\"color: #000000;\">El fonograma incluye 15 temas y colaboraciones con Demi Lovato, Keida, Shenseea, Ty Dolla Sign, y 2 Chainz.<\/span><\/p>\n<p><span style=\"color: #000000;\">Aguilera se dio a conocer con su \u00e1lbum debut Christina Aguilera (1999), un exitoso material elogiado por la cr\u00edtica y sus seguidores.<\/span><\/p>\n<p><span style=\"color: #000000;\">Desde entonces ha obtenido importantes reconocimientos entre los que destacan cinco premios Grammy.<\/span><\/p>\n<p><iframe title=\"Christina Aguilera - Pero Me Acuerdo De T\u00ed (Video Oficial)\" width=\"615\" height=\"461\" src=\"https:\/\/www.youtube.com\/embed\/-hMC8pQkEmk?feature=oembed\" frameborder=\"0\" allow=\"accelerometer; autoplay; clipboard-write; encrypted-media; gyroscope; picture-in-picture; web-share\" referrerpolicy=\"strict-origin-when-cross-origin\" allowfullscreen><\/iframe><\/p>\n","protected":false},"excerpt":{"rendered":"<p>La cantante norteamericana, Christina Aguilera confirm\u00f3 que grabar\u00e1 un nuevo \u00e1lbum en espa\u00f1ol, el segundo de su carrera. Los \u00c1ngeles, 04 Junio 2019, (Prensa Latina).- La cantante Christina Aguilera confirm\u00f3 que grabar\u00e1 un nuevo \u00e1lbum en espa\u00f1ol, el segundo de su carrera, destacan hoy medios especializados. Durante una presentaci\u00f3n, a prop\u00f3sito de su residencia en [&hellip;]<\/p>\n","protected":false},"author":1,"featured_media":50456,"comment_status":"open","ping_status":"open","sticky":false,"template":"","format":"standard","meta":{"rop_custom_images_group":[],"rop_custom_messages_group":[],"rop_publish_now":"initial","rop_publish_now_accounts":[],"rop_publish_now_history":[],"rop_publish_now_status":"pending","footnotes":""},"categories":[69],"tags":[3098],"class_list":["post-50455","post","type-post","status-publish","format-standard","has-post-thumbnail","hentry","category-musica","tag-christina-aguilera"],"_links":{"self":[{"href":"https:\/\/elinformanteperu.com\/index.php\/wp-json\/wp\/v2\/posts\/50455","targetHints":{"allow":["GET"]}}],"collection":[{"href":"https:\/\/elinformanteperu.com\/index.php\/wp-json\/wp\/v2\/posts"}],"about":[{"href":"https:\/\/elinformanteperu.com\/index.php\/wp-json\/wp\/v2\/types\/post"}],"author":[{"embeddable":true,"href":"https:\/\/elinformanteperu.com\/index.php\/wp-json\/wp\/v2\/users\/1"}],"replies":[{"embeddable":true,"href":"https:\/\/elinformanteperu.com\/index.php\/wp-json\/wp\/v2\/comments?post=50455"}],"version-history":[{"count":1,"href":"https:\/\/elinformanteperu.com\/index.php\/wp-json\/wp\/v2\/posts\/50455\/revisions"}],"predecessor-version":[{"id":50457,"href":"https:\/\/elinformanteperu.com\/index.php\/wp-json\/wp\/v2\/posts\/50455\/revisions\/50457"}],"wp:featuredmedia":[{"embeddable":true,"href":"https:\/\/elinformanteperu.com\/index.php\/wp-json\/wp\/v2\/media\/50456"}],"wp:attachment":[{"href":"https:\/\/elinformanteperu.com\/index.php\/wp-json\/wp\/v2\/media?parent=50455"}],"wp:term":[{"taxonomy":"category","embeddable":true,"href":"https:\/\/elinformanteperu.com\/index.php\/wp-json\/wp\/v2\/categories?post=50455"},{"taxonomy":"post_tag","embeddable":true,"href":"https:\/\/elinformanteperu.com\/index.php\/wp-json\/wp\/v2\/tags?post=50455"}],"curies":[{"name":"wp","href":"https:\/\/api.w.org\/{rel}","templated":true}]}}