{"id":50450,"date":"2019-06-04T01:00:46","date_gmt":"2019-06-04T06:00:46","guid":{"rendered":"http:\/\/elinformanteperu.com\/?p=50450"},"modified":"2019-06-04T01:00:46","modified_gmt":"2019-06-04T06:00:46","slug":"bancada-liberal-acordo-apoyar-cuestion-de-confianza-del-ejecutivo","status":"publish","type":"post","link":"https:\/\/elinformanteperu.com\/index.php\/2019\/06\/04\/bancada-liberal-acordo-apoyar-cuestion-de-confianza-del-ejecutivo\/","title":{"rendered":"Bancada Liberal acord\u00f3 apoyar cuesti\u00f3n de confianza del Ejecutivo"},"content":{"rendered":"<p><strong><span style=\"color: #000000;\">La Bancada Liberal acord\u00f3 respaldar la cuesti\u00f3n de confianza planteada por el Ejecutivo al Congreso sobre los proyectos de ley referidos al fortalecimiento institucional y la lucha contra la corrupci\u00f3n.<\/span><\/strong><\/p>\n<p><span style=\"color: #000000;\"><strong>Lima, 04 Junio 2019, (ANDINA).-<\/strong> La Bancada Liberal acord\u00f3 respaldar la cuesti\u00f3n de confianza planteada por el Ejecutivo al Congreso sobre los proyectos de ley referidos al fortalecimiento institucional y la lucha contra la corrupci\u00f3n, inform\u00f3 el legislador Alberto de Belaunde, integrante de este grupo pol\u00edtico.<\/span><\/p>\n<p><span style=\"color: #000000;\">De Belaunde explic\u00f3 que su grupo pol\u00edtico decidi\u00f3 respaldar la confianza al coincidir con el Poder Ejecutivo en la necesidad de que el Parlamento apruebe cuanto antes un \u201cn\u00facleo\u201d muy importante de la reforma pol\u00edtica, el cual no puede ser sujeto de ninguna negociaci\u00f3n pol\u00edtica.<\/span><\/p>\n<p><span style=\"color: #000000;\">Adem\u00e1s, precis\u00f3 que respaldar\u00e1n la cuesti\u00f3n de confianza debido a que el Ejecutivo propondr\u00e1 un plazo m\u00e1ximo al Congreso para aprobar esta parte de la reforma.<\/span><\/p>\n<p><span style=\"color: #000000;\">\u201cLa Bancada Liberal ha decidido apoyar el pedido de cuesti\u00f3n de confianza en el sentido que viene con un n\u00facleo no negociable (de la reforma pol\u00edtica) y en el entendido que incluye un plazo\u201d, manifest\u00f3 en declaraciones a Canal N.<\/span><\/p>\n<p><span style=\"color: #000000;\">Seg\u00fan el legislador sino se pone una fecha m\u00e1xima al Congreso para aprobar la reforma, est\u00e1 absolutamente seguro de que la mayor\u00eda parlamentaria de Fuerza Popular \u201cuna vez m\u00e1s tratar\u00e1 de sacarle la vuelta al pa\u00eds\u201d.<\/span><\/p>\n<p><span style=\"color: #000000;\">\u201cYa el fujimorismo ha demostrado que lo que dice la Constituci\u00f3n no le interesa porque cuando el gobierno manda proyectos con car\u00e1cter de urgencia, el Congreso est\u00e1 en la obligaci\u00f3n constitucional de darle prioridad, pero no lo han hecho (\u2026)\u201d, subray\u00f3.<\/span><\/p>\n<p><span style=\"color: #000000;\">El presidente del Consejo de Ministros, Salvador del Solar, se presentar\u00e1 ma\u00f1ana ante el Pleno del Congreso para exponer la cuesti\u00f3n de confianza del Ejecutivo sobre los proyectos de ley de la reforma pol\u00edtica relacionados con el fortalecimiento institucional y la lucha contra la corrupci\u00f3n.<\/span><\/p>\n<p><span style=\"color: #000000;\">Hasta el momento, las bancadas de Nuevo Per\u00fa y el Frente Amplio han confirmado que no aprobar\u00e1n la confianza.<\/span><\/p>\n<p><span style=\"color: #000000;\">Si el Congreso no aprueba el pedido del Ejecutivo, el presidente Mart\u00edn Vizcarra quedar\u00e1 facultado para disolver el Parlamento en el marco del art\u00edculo 134 de la Constituci\u00f3n, dado que ser\u00eda la segunda vez en que un Gabinete no recibe el respaldo del primer poder del Estado durante el actual periodo constitucional de gobierno.<\/span><\/p>\n","protected":false},"excerpt":{"rendered":"<p>La Bancada Liberal acord\u00f3 respaldar la cuesti\u00f3n de confianza planteada por el Ejecutivo al Congreso sobre los proyectos de ley referidos al fortalecimiento institucional y la lucha contra la corrupci\u00f3n. Lima, 04 Junio 2019, (ANDINA).- La Bancada Liberal acord\u00f3 respaldar la cuesti\u00f3n de confianza planteada por el Ejecutivo al Congreso sobre los proyectos de ley [&hellip;]<\/p>\n","protected":false},"author":1,"featured_media":50451,"comment_status":"open","ping_status":"open","sticky":false,"template":"","format":"standard","meta":{"rop_custom_images_group":[],"rop_custom_messages_group":[],"rop_publish_now":"initial","rop_publish_now_accounts":[],"rop_publish_now_history":[],"rop_publish_now_status":"pending","footnotes":""},"categories":[5],"tags":[300,3966,192,4474],"class_list":["post-50450","post","type-post","status-publish","format-standard","has-post-thumbnail","hentry","category-actualidad-informativa","tag-alberto-de-belaunde","tag-bancada-liberal","tag-congreso","tag-cuestion-de-confianza"],"_links":{"self":[{"href":"https:\/\/elinformanteperu.com\/index.php\/wp-json\/wp\/v2\/posts\/50450","targetHints":{"allow":["GET"]}}],"collection":[{"href":"https:\/\/elinformanteperu.com\/index.php\/wp-json\/wp\/v2\/posts"}],"about":[{"href":"https:\/\/elinformanteperu.com\/index.php\/wp-json\/wp\/v2\/types\/post"}],"author":[{"embeddable":true,"href":"https:\/\/elinformanteperu.com\/index.php\/wp-json\/wp\/v2\/users\/1"}],"replies":[{"embeddable":true,"href":"https:\/\/elinformanteperu.com\/index.php\/wp-json\/wp\/v2\/comments?post=50450"}],"version-history":[{"count":1,"href":"https:\/\/elinformanteperu.com\/index.php\/wp-json\/wp\/v2\/posts\/50450\/revisions"}],"predecessor-version":[{"id":50452,"href":"https:\/\/elinformanteperu.com\/index.php\/wp-json\/wp\/v2\/posts\/50450\/revisions\/50452"}],"wp:featuredmedia":[{"embeddable":true,"href":"https:\/\/elinformanteperu.com\/index.php\/wp-json\/wp\/v2\/media\/50451"}],"wp:attachment":[{"href":"https:\/\/elinformanteperu.com\/index.php\/wp-json\/wp\/v2\/media?parent=50450"}],"wp:term":[{"taxonomy":"category","embeddable":true,"href":"https:\/\/elinformanteperu.com\/index.php\/wp-json\/wp\/v2\/categories?post=50450"},{"taxonomy":"post_tag","embeddable":true,"href":"https:\/\/elinformanteperu.com\/index.php\/wp-json\/wp\/v2\/tags?post=50450"}],"curies":[{"name":"wp","href":"https:\/\/api.w.org\/{rel}","templated":true}]}}