{"id":50433,"date":"2019-06-04T00:39:20","date_gmt":"2019-06-04T05:39:20","guid":{"rendered":"http:\/\/elinformanteperu.com\/?p=50433"},"modified":"2019-06-04T00:39:20","modified_gmt":"2019-06-04T05:39:20","slug":"salaverry-califica-de-grave-revelacion-de-fiscalia-sobre-congresistas","status":"publish","type":"post","link":"https:\/\/elinformanteperu.com\/index.php\/2019\/06\/04\/salaverry-califica-de-grave-revelacion-de-fiscalia-sobre-congresistas\/","title":{"rendered":"Salaverry califica de grave revelaci\u00f3n de Fiscal\u00eda sobre congresistas"},"content":{"rendered":"<p><strong><span style=\"color: #000000;\">El presidente del Congreso calific\u00f3 de grave la revelaci\u00f3n hecha por la fiscal, Sandra Castro la cual se\u00f1ala que congresistas de la mayor\u00eda parlamentaria est\u00e1n en la estructura de poder de los Cuellos Blancos.<\/span><\/strong><\/p>\n<p><span style=\"color: #000000;\"><strong>Lima, 03 Junio 2019, (ANDINA).-<\/strong> El presidente del Congreso de la Rep\u00fablica, Daniel Salaverry, calific\u00f3 de grave la revelaci\u00f3n hecha por la fiscal, Sandra Castro la cual se\u00f1ala que congresistas de la mayor\u00eda parlamentaria est\u00e1n en la estructura de poder de la organizaci\u00f3n criminal los Cuellos Blancos.<\/span><\/p>\n<p><span style=\"color: #000000;\">\u201cEs una declaraci\u00f3n muy grave. Recuerdo que cuando se presentaron los exmiembros del Consejo Nacional de la Magistratura, algunos congresistas estaban desesperados y coordinando con su bancada para ver la manera de blindar a estos se\u00f1ores por eso no me sorprende la declaraci\u00f3n de la fiscal\u201d, declar\u00f3 en rueda de prensa.<\/span><\/p>\n<p><span style=\"color: #000000;\">Cabe recordar que en la v\u00edspera, la fiscal Sandra Castro inform\u00f3 que la investigaci\u00f3n sobre la organizaci\u00f3n criminal los Cuellos Blancos del Puerto ha determinado que congresistas de la mayor\u00eda parlamentaria est\u00e1n en la estructura de poder de esa red mafiosa.<\/span><\/p>\n<p><span style=\"color: #000000;\">\u00abAhora comprendemos por qu\u00e9 se blinda a los exconsejeros (del Consejo Nacional de la Magistratura, CNM) para que no vayan a ser investigados por organizaci\u00f3n criminal\u00bb, dijo Castro en entrevista con el programa Panorama.<\/span><\/p>\n<p><span style=\"color: #000000;\">Al respecto, Salaverry Villa manifest\u00f3 que espera que este proceso fiscal llegue a buen puerto para as\u00ed determinar si hay alg\u00fan tipo de responsables penales. \u201cYo me imagino que la informaci\u00f3n tarde o temprano saldr\u00e1 a la luz\u201d, enfatiz\u00f3.<\/span><\/p>\n<p><strong><span style=\"color: #000000;\">Ch\u00e1varry<\/span><\/strong><\/p>\n<p><span style=\"color: #000000;\">De otro lado, el presidente del Congreso dijo que espera hoy la firma de los portavoces de Fuerza Popular y el APRA para volver a citar al Pleno al exfiscal de la Naci\u00f3n, Pedro Ch\u00e1varry.<\/span><\/p>\n<p><span style=\"color: #000000;\">Ello luego que ambos partidos se abstuvieran de firmar el \u00faltimo viernes aduciendo que tienen que \u201cevaluar el pedido\u201d.<\/span><\/p>\n<p><span style=\"color: #000000;\">\u00abPara que se pueda haber citado al se\u00f1or Pedro Ch\u00e1varry este jueves, porque tiene que tener tres d\u00edas de plazo para armar su defensa, el viernes los portavoces ten\u00edan que firmar la exoneraci\u00f3n de pase por el Consejo Directivo e inmediatamente convocarlo al pleno. Han firmado todos los voceros menos Fuerza Popular y el Apra\u201d, inform\u00f3.<\/span><\/p>\n<p><span style=\"color: #000000;\">En ese sentido, exhort\u00f3 a los portavoces de estas dos bancadas que firmen lo m\u00e1s antes posible. \u201cYa no el jueves, porque no da el plazo, pero s\u00ed para el viernes poder tener una sesi\u00f3n que trate este tema\u00bb, subray\u00f3.<\/span><\/p>\n","protected":false},"excerpt":{"rendered":"<p>El presidente del Congreso calific\u00f3 de grave la revelaci\u00f3n hecha por la fiscal, Sandra Castro la cual se\u00f1ala que congresistas de la mayor\u00eda parlamentaria est\u00e1n en la estructura de poder de los Cuellos Blancos. Lima, 03 Junio 2019, (ANDINA).- El presidente del Congreso de la Rep\u00fablica, Daniel Salaverry, calific\u00f3 de grave la revelaci\u00f3n hecha por [&hellip;]<\/p>\n","protected":false},"author":1,"featured_media":50434,"comment_status":"open","ping_status":"open","sticky":false,"template":"","format":"standard","meta":{"rop_custom_images_group":[],"rop_custom_messages_group":[],"rop_publish_now":"initial","rop_publish_now_accounts":[],"rop_publish_now_history":[],"rop_publish_now_status":"pending","footnotes":""},"categories":[5],"tags":[192,295,3490,3209,4028],"class_list":["post-50433","post","type-post","status-publish","format-standard","has-post-thumbnail","hentry","category-actualidad-informativa","tag-congreso","tag-fuerza-popular","tag-los-cuellos-blancos-del-puerto","tag-pedro-chavarry","tag-sandra-castro"],"_links":{"self":[{"href":"https:\/\/elinformanteperu.com\/index.php\/wp-json\/wp\/v2\/posts\/50433","targetHints":{"allow":["GET"]}}],"collection":[{"href":"https:\/\/elinformanteperu.com\/index.php\/wp-json\/wp\/v2\/posts"}],"about":[{"href":"https:\/\/elinformanteperu.com\/index.php\/wp-json\/wp\/v2\/types\/post"}],"author":[{"embeddable":true,"href":"https:\/\/elinformanteperu.com\/index.php\/wp-json\/wp\/v2\/users\/1"}],"replies":[{"embeddable":true,"href":"https:\/\/elinformanteperu.com\/index.php\/wp-json\/wp\/v2\/comments?post=50433"}],"version-history":[{"count":1,"href":"https:\/\/elinformanteperu.com\/index.php\/wp-json\/wp\/v2\/posts\/50433\/revisions"}],"predecessor-version":[{"id":50435,"href":"https:\/\/elinformanteperu.com\/index.php\/wp-json\/wp\/v2\/posts\/50433\/revisions\/50435"}],"wp:featuredmedia":[{"embeddable":true,"href":"https:\/\/elinformanteperu.com\/index.php\/wp-json\/wp\/v2\/media\/50434"}],"wp:attachment":[{"href":"https:\/\/elinformanteperu.com\/index.php\/wp-json\/wp\/v2\/media?parent=50433"}],"wp:term":[{"taxonomy":"category","embeddable":true,"href":"https:\/\/elinformanteperu.com\/index.php\/wp-json\/wp\/v2\/categories?post=50433"},{"taxonomy":"post_tag","embeddable":true,"href":"https:\/\/elinformanteperu.com\/index.php\/wp-json\/wp\/v2\/tags?post=50433"}],"curies":[{"name":"wp","href":"https:\/\/api.w.org\/{rel}","templated":true}]}}