{"id":50314,"date":"2019-06-02T22:06:37","date_gmt":"2019-06-03T03:06:37","guid":{"rendered":"http:\/\/elinformanteperu.com\/?p=50314"},"modified":"2019-06-03T00:30:12","modified_gmt":"2019-06-03T05:30:12","slug":"guardaparques-rescatan-condor-andino-en-la-reserva-paisajistica-nor-yauyos-cochas","status":"publish","type":"post","link":"https:\/\/elinformanteperu.com\/index.php\/2019\/06\/02\/guardaparques-rescatan-condor-andino-en-la-reserva-paisajistica-nor-yauyos-cochas\/","title":{"rendered":"Guardaparques rescatan c\u00f3ndor andino en la Reserva Paisaj\u00edstica Nor Yauyos Cochas"},"content":{"rendered":"<p><span style=\"color: #000000;\"><strong>Personal del Sernanp y Serfor lo trasladaron a Lima para tratamiento y rehabilitaci\u00f3n. Los primeros auxilios al ave se dieron en el Puesto de Control y Vigilancia del \u00e1rea natural.<\/strong><\/span><\/p>\n<p><span style=\"color: #000000;\"><strong>Lima, 02 Junio 2019, (El Informante Per\u00fa).-<\/strong> Un c\u00f3ndor andino fue rescatado por guardaparques del Servicio Nacional de \u00c1reas Naturales Protegidas por el Estado (Sernanp) en el sector Parachaca, distrito y comunidad de Alis, provincia de Yauyos, en la Reserva Paisaj\u00edstica Nor Yauyos Cochas (RPNYC).<\/span><\/p>\n<p><span style=\"color: #000000;\">Los primeros auxilios al ave se dieron en el Puesto de Control y Vigilancia del \u00e1rea natural protegida luego que pobladores de la comunidad reportaran este hallazgo al personal guardaparque.<\/span><\/p>\n<p><span style=\"color: #000000;\">El equipo de especialistas de la RPNYC concret\u00f3 la estabilizaci\u00f3n del c\u00f3ndor con apoyo del Museo de Historia Natural de San Marcos, quien brind\u00f3 las indicaciones para su primera recuperaci\u00f3n. Posteriormente, se coordin\u00f3 con el Servicio Nacional Forestal y de Fauna Silvestre (SERFOR) para su traslado a Lima y brindar la evaluaci\u00f3n a profundidad y rehabilitaci\u00f3n en el zoocridadero El Huayco.<\/span><\/p>\n<p><img fetchpriority=\"high\" decoding=\"async\" class=\"aligncenter size-full wp-image-50316\" src=\"http:\/\/elinformanteperu.com\/wp-content\/uploads\/2019\/06\/Sernanp-condor-andino.jpg\" alt=\"\" width=\"941\" height=\"511\" srcset=\"https:\/\/elinformanteperu.com\/wp-content\/uploads\/2019\/06\/Sernanp-condor-andino.jpg 941w, https:\/\/elinformanteperu.com\/wp-content\/uploads\/2019\/06\/Sernanp-condor-andino-300x163.jpg 300w, https:\/\/elinformanteperu.com\/wp-content\/uploads\/2019\/06\/Sernanp-condor-andino-768x417.jpg 768w, https:\/\/elinformanteperu.com\/wp-content\/uploads\/2019\/06\/Sernanp-condor-andino-128x70.jpg 128w, https:\/\/elinformanteperu.com\/wp-content\/uploads\/2019\/06\/Sernanp-condor-andino-32x17.jpg 32w\" sizes=\"(max-width: 941px) 100vw, 941px\" \/><\/p>\n<p><span style=\"color: #000000;\">El jefe de la RPNYC, Abdias Villoslada, identific\u00f3 al ejemplar como un juvenil macho, que no presentaba heridas externas, pero que no pod\u00eda volar. \u201cLos especialistas le calcularon un a\u00f1o de edad y le diagnosticaron deshidrataci\u00f3n desde su rescate el pasado 23 de mayo. Luego de su rehabilitaci\u00f3n se espera la liberaci\u00f3n del ave en su h\u00e1bitat natural en la Reserva Paisaj\u00edstica Nor Yauyos Cochas\u201d, sostuvo.<\/span><\/p>\n<p><span style=\"color: #000000;\">Este es el segundo caso de rescate de un c\u00f3ndor andino en lo que va en los tres \u00faltimos a\u00f1os, en el sector Parachaca, en la RPYC. El SERNANP inform\u00f3 que en cada patrullaje en esta zona se realiza un avistamiento entre 15 a 20 ejemplares de c\u00f3ndores por lo que se estima que este sea un lugar de anidaci\u00f3n.<\/span><\/p>\n<p><strong><span style=\"color: #000000;\">\u00bfSab\u00edas que?<\/span><\/strong><\/p>\n<p><img decoding=\"async\" class=\"aligncenter size-full wp-image-50317\" src=\"http:\/\/elinformanteperu.com\/wp-content\/uploads\/2019\/06\/Sernanp-condor-andino1.jpg\" alt=\"\" width=\"917\" height=\"515\" srcset=\"https:\/\/elinformanteperu.com\/wp-content\/uploads\/2019\/06\/Sernanp-condor-andino1.jpg 917w, https:\/\/elinformanteperu.com\/wp-content\/uploads\/2019\/06\/Sernanp-condor-andino1-300x168.jpg 300w, https:\/\/elinformanteperu.com\/wp-content\/uploads\/2019\/06\/Sernanp-condor-andino1-768x431.jpg 768w, https:\/\/elinformanteperu.com\/wp-content\/uploads\/2019\/06\/Sernanp-condor-andino1-128x72.jpg 128w, https:\/\/elinformanteperu.com\/wp-content\/uploads\/2019\/06\/Sernanp-condor-andino1-32x18.jpg 32w\" sizes=\"(max-width: 917px) 100vw, 917px\" \/><\/p>\n<p><span style=\"color: #000000;\">En el Per\u00fa, el c\u00f3ndor andino es una especie categorizada como en peligro de extinci\u00f3n y seg\u00fan el Decreto Supremo N\u00b0004-2014-MINAGRI se encuentra protegida por el Estado peruano.<\/span><\/p>\n<p><span style=\"color: #000000;\">Su distribuci\u00f3n geogr\u00e1fica abarca las regiones de Piura, Lambayeque, Ancash, Lima, Ayacucho, Ica, Arequipa, Cusco, Puno, Apur\u00edmac, Amazonas, Moquegua.<\/span><\/p>\n<p><iframe title=\"Guardaparques rescatan c\u00f3ndor andino en la Reserva Paisaj\u00edstica en Per\u00fa\" width=\"615\" height=\"346\" src=\"https:\/\/www.youtube.com\/embed\/HQVIeIkP-ng?list=PLF0JSB6q-yWtE3Gec89SRo-5ruI5xQ1dE\" frameborder=\"0\" allow=\"accelerometer; autoplay; clipboard-write; encrypted-media; gyroscope; picture-in-picture; web-share\" referrerpolicy=\"strict-origin-when-cross-origin\" allowfullscreen><\/iframe><\/p>\n","protected":false},"excerpt":{"rendered":"<p>Personal del Sernanp y Serfor lo trasladaron a Lima para tratamiento y rehabilitaci\u00f3n. Los primeros auxilios al ave se dieron en el Puesto de Control y Vigilancia del \u00e1rea natural. Lima, 02 Junio 2019, (El Informante Per\u00fa).- Un c\u00f3ndor andino fue rescatado por guardaparques del Servicio Nacional de \u00c1reas Naturales Protegidas por el Estado (Sernanp) [&hellip;]<\/p>\n","protected":false},"author":1,"featured_media":50315,"comment_status":"open","ping_status":"open","sticky":false,"template":"","format":"standard","meta":{"rop_custom_images_group":[],"rop_custom_messages_group":[],"rop_publish_now":"initial","rop_publish_now_accounts":[],"rop_publish_now_history":[],"rop_publish_now_status":"pending","footnotes":""},"categories":[10],"tags":[279,103],"class_list":["post-50314","post","type-post","status-publish","format-standard","has-post-thumbnail","hentry","category-actualidad-municipal","tag-serfor","tag-sernanp"],"_links":{"self":[{"href":"https:\/\/elinformanteperu.com\/index.php\/wp-json\/wp\/v2\/posts\/50314","targetHints":{"allow":["GET"]}}],"collection":[{"href":"https:\/\/elinformanteperu.com\/index.php\/wp-json\/wp\/v2\/posts"}],"about":[{"href":"https:\/\/elinformanteperu.com\/index.php\/wp-json\/wp\/v2\/types\/post"}],"author":[{"embeddable":true,"href":"https:\/\/elinformanteperu.com\/index.php\/wp-json\/wp\/v2\/users\/1"}],"replies":[{"embeddable":true,"href":"https:\/\/elinformanteperu.com\/index.php\/wp-json\/wp\/v2\/comments?post=50314"}],"version-history":[{"count":3,"href":"https:\/\/elinformanteperu.com\/index.php\/wp-json\/wp\/v2\/posts\/50314\/revisions"}],"predecessor-version":[{"id":50343,"href":"https:\/\/elinformanteperu.com\/index.php\/wp-json\/wp\/v2\/posts\/50314\/revisions\/50343"}],"wp:featuredmedia":[{"embeddable":true,"href":"https:\/\/elinformanteperu.com\/index.php\/wp-json\/wp\/v2\/media\/50315"}],"wp:attachment":[{"href":"https:\/\/elinformanteperu.com\/index.php\/wp-json\/wp\/v2\/media?parent=50314"}],"wp:term":[{"taxonomy":"category","embeddable":true,"href":"https:\/\/elinformanteperu.com\/index.php\/wp-json\/wp\/v2\/categories?post=50314"},{"taxonomy":"post_tag","embeddable":true,"href":"https:\/\/elinformanteperu.com\/index.php\/wp-json\/wp\/v2\/tags?post=50314"}],"curies":[{"name":"wp","href":"https:\/\/api.w.org\/{rel}","templated":true}]}}