{"id":50309,"date":"2019-06-02T21:03:28","date_gmt":"2019-06-03T02:03:28","guid":{"rendered":"http:\/\/elinformanteperu.com\/?p=50309"},"modified":"2019-06-02T21:03:28","modified_gmt":"2019-06-03T02:03:28","slug":"ancash-dos-fiscales-denuncian-amenazas-en-su-contra-por-investigaciones-que-siguen","status":"publish","type":"post","link":"https:\/\/elinformanteperu.com\/index.php\/2019\/06\/02\/ancash-dos-fiscales-denuncian-amenazas-en-su-contra-por-investigaciones-que-siguen\/","title":{"rendered":"\u00c1ncash: dos fiscales denuncian amenazas en su contra por investigaciones que siguen"},"content":{"rendered":"<p><strong><span style=\"color: #000000;\">Dos fiscales del distrito fiscal del Santa, en la regi\u00f3n \u00c1ncash, han denunciado amenazas de muerte debido \u2013 seg\u00fan refieren \u2013 a investigaciones que tienen a su cargo.<\/span><\/strong><\/p>\n<p><span style=\"color: #000000;\"><strong>Chimbote, 02 Junio 2019, (ANDINA).-<\/strong> Dos fiscales del distrito fiscal del Santa, en la regi\u00f3n \u00c1ncash, han denunciado amenazas de muerte debido \u2013 seg\u00fan refieren \u2013 a investigaciones que tienen a su cargo.<\/span><\/p>\n<p><span style=\"color: #000000;\">En una rueda de prensa, la fiscal titular de la Fiscal\u00eda Especializada en Materia Ambiental, Evelyn Lamadrid Vences, y la fiscal adjunta superior penal, Carla Zuloaga Pajuelo; pidieron que se extremen las medidas de seguridad, pues temen atentados en su contra.<\/span><\/p>\n<p><span style=\"color: #000000;\">La fiscal Lamadrid asever\u00f3 que hace poco recibi\u00f3 la visita de una persona en su despacho que le dio cuenta de un plan para atacarla y se habr\u00eda contratado a sicarios de la temible banda criminal \u201cLa Jaur\u00eda\u201d que opera en la regi\u00f3n La Libertad.<\/span><\/p>\n<p><span style=\"color: #000000;\">La magistrada asocia estas amenazas a las investigaciones que tiene a cargo respecto a la miner\u00eda informal, en las que incluso ha realizado operativos para desarticular organizaciones dedicadas a esta mala pr\u00e1ctica.<\/span><\/p>\n<p><span style=\"color: #000000;\">Esta situaci\u00f3n-dijo- ya ha sido advertida a sus superiores, pero hasta el momento no cuenta con resguardo de la Polic\u00eda Nacional del Per\u00fa.<\/span><\/p>\n<p><span style=\"color: #000000;\">\u201cEstamos tocando temas muy delicados como miner\u00eda informal y tambi\u00e9n en la actividad pesquera; son sectores donde se mueven muchos intereses y mucho dinero. Es muy f\u00e1cil que atenten contra nosotros, por eso necesitamos el resguardo del Ministerio del Interior\u201d, expres\u00f3.<\/span><\/p>\n<p><span style=\"color: #000000;\">Por su parte, su colega, la fiscal Zuloaga, cont\u00f3 que se siente reglada y que la persiguen. Narr\u00f3 que en dos oportunidades desconocidos le desinflaron las llantas de su auto y lo rayaron con un arma blanca.<\/span><\/p>\n<p><span style=\"color: #000000;\">Para la fiscal estos actos tienen relaci\u00f3n con la sentencia que logr\u00f3 en contra del preso exalcalde de la provincia del Santa, Luis Arroyo Rojas, presunto integrante de la organizaci\u00f3n del exgobernador regional C\u00e9sar \u00c1lvarez Aguilar.<\/span><\/p>\n<p><span style=\"color: #000000;\">Afirm\u00f3 que un segundo ataque contra su veh\u00edculo se produjo un d\u00eda antes de iniciar un nuevo juicio oral contra esta exautoridad por delitos de corrupci\u00f3n de funcionarios.<\/span><\/p>\n<p><span style=\"color: #000000;\">Si bien reconoci\u00f3 que hace poco le restituyeron la seguridad, a\u00f1adi\u00f3, que el efectivo designado cumple \u00fanicamente funciones administrativas y no de resguardo.<\/span><\/p>\n<p><strong><span style=\"color: #000000;\">Tr\u00e1mite<\/span><\/strong><\/p>\n<p><span style=\"color: #000000;\">Al respecto el jefe de la Divisi\u00f3n Policial, coronel PNP James Tanchiva, precis\u00f3 que se est\u00e1 realizando el tr\u00e1mite correspondiente para ver si es que se aprueba el resguardo permanente para las magistradas.<\/span><\/p>\n<p><span style=\"color: #000000;\">No obstante, aclar\u00f3 que las amenazas a\u00fan son materia de investigaci\u00f3n.<\/span><\/p>\n<p><span style=\"color: #000000;\">\u201cA\u00fan no son hechos comprobados para poder brindar resguardo, tiene que haber un informe de Inteligencia; pero de todas maneras se est\u00e1 siguiendo el tr\u00e1mite correspondiente\u201d, subray\u00f3.<\/span><\/p>\n","protected":false},"excerpt":{"rendered":"<p>Dos fiscales del distrito fiscal del Santa, en la regi\u00f3n \u00c1ncash, han denunciado amenazas de muerte debido \u2013 seg\u00fan refieren \u2013 a investigaciones que tienen a su cargo. Chimbote, 02 Junio 2019, (ANDINA).- Dos fiscales del distrito fiscal del Santa, en la regi\u00f3n \u00c1ncash, han denunciado amenazas de muerte debido \u2013 seg\u00fan refieren \u2013 a [&hellip;]<\/p>\n","protected":false},"author":1,"featured_media":50310,"comment_status":"open","ping_status":"open","sticky":false,"template":"","format":"standard","meta":{"rop_custom_images_group":[],"rop_custom_messages_group":[],"rop_publish_now":"initial","rop_publish_now_accounts":[],"rop_publish_now_history":[],"rop_publish_now_status":"pending","footnotes":""},"categories":[10],"tags":[3621,430,163,4026],"class_list":["post-50309","post","type-post","status-publish","format-standard","has-post-thumbnail","hentry","category-actualidad-municipal","tag-ancash","tag-fiscalia","tag-poder-judicial","tag-santa"],"_links":{"self":[{"href":"https:\/\/elinformanteperu.com\/index.php\/wp-json\/wp\/v2\/posts\/50309","targetHints":{"allow":["GET"]}}],"collection":[{"href":"https:\/\/elinformanteperu.com\/index.php\/wp-json\/wp\/v2\/posts"}],"about":[{"href":"https:\/\/elinformanteperu.com\/index.php\/wp-json\/wp\/v2\/types\/post"}],"author":[{"embeddable":true,"href":"https:\/\/elinformanteperu.com\/index.php\/wp-json\/wp\/v2\/users\/1"}],"replies":[{"embeddable":true,"href":"https:\/\/elinformanteperu.com\/index.php\/wp-json\/wp\/v2\/comments?post=50309"}],"version-history":[{"count":1,"href":"https:\/\/elinformanteperu.com\/index.php\/wp-json\/wp\/v2\/posts\/50309\/revisions"}],"predecessor-version":[{"id":50311,"href":"https:\/\/elinformanteperu.com\/index.php\/wp-json\/wp\/v2\/posts\/50309\/revisions\/50311"}],"wp:featuredmedia":[{"embeddable":true,"href":"https:\/\/elinformanteperu.com\/index.php\/wp-json\/wp\/v2\/media\/50310"}],"wp:attachment":[{"href":"https:\/\/elinformanteperu.com\/index.php\/wp-json\/wp\/v2\/media?parent=50309"}],"wp:term":[{"taxonomy":"category","embeddable":true,"href":"https:\/\/elinformanteperu.com\/index.php\/wp-json\/wp\/v2\/categories?post=50309"},{"taxonomy":"post_tag","embeddable":true,"href":"https:\/\/elinformanteperu.com\/index.php\/wp-json\/wp\/v2\/tags?post=50309"}],"curies":[{"name":"wp","href":"https:\/\/api.w.org\/{rel}","templated":true}]}}