{"id":50281,"date":"2019-06-02T00:45:09","date_gmt":"2019-06-02T05:45:09","guid":{"rendered":"http:\/\/elinformanteperu.com\/?p=50281"},"modified":"2019-06-02T00:45:09","modified_gmt":"2019-06-02T05:45:09","slug":"vizcarra-demostrare-mi-correcta-participacion-en-la-funcion-publica-ante-fiscalia","status":"publish","type":"post","link":"https:\/\/elinformanteperu.com\/index.php\/2019\/06\/02\/vizcarra-demostrare-mi-correcta-participacion-en-la-funcion-publica-ante-fiscalia\/","title":{"rendered":"Vizcarra: demostrar\u00e9 mi correcta participaci\u00f3n en la funci\u00f3n p\u00fablica ante Fiscal\u00eda"},"content":{"rendered":"<p><strong><span style=\"color: #000000;\">El jefe del Estado, Mart\u00edn Vizcarra, envi\u00f3 una carta al Ministerio P\u00fablico de Moquegua en la que se pone a disposici\u00f3n para que lo investiguen frente a las acusaciones en su contra.<\/span><\/strong><\/p>\n<p><span style=\"color: #000000;\"><strong>Lima, 01 Junio 2019, (ANDINA).-<\/strong> A pesar del amparo de su inmunidad presidencial, el jefe del Estado, Mart\u00edn Vizcarra, envi\u00f3 una carta al Ministerio P\u00fablico de Moquegua en la que se pone a disposici\u00f3n para que lo investiguen frente a las acusaciones en su contra cuando se desempe\u00f1\u00f3 como gobernador regional.<\/span><\/p>\n<p><span style=\"color: #000000;\">En el documento remitido al fiscal Walker Fredy R\u00edos Calisaya, del Segundo Despacho Especializado Anticorrupci\u00f3n, Vizcarra se\u00f1ala que est\u00e1 dispuesto a presentarse ante su despacho \u00abcuantas veces fuera necesario\u00bb, a fin de demostrar una vez m\u00e1s su correcta participaci\u00f3n en la funci\u00f3n p\u00fablica.<\/span><\/p>\n<p><span style=\"color: #000000;\">En el oficio fue remitido por el mandatario y su abogado \u00c1lvaro Rubianes, el pasado 24 de mayo.<\/span><\/p>\n<p><span style=\"color: #000000;\">En ese documento, Vizcarra se\u00f1ala que la fiscal\u00eda de Moquegua \u00abconoce mejor que nadie el casi medio centenar de denuncias abiertas\u00bb contra \u00e9l por su gesti\u00f3n como gobernador regional de Moquegua (2011-2014) y que ha asistido a las diligencias en las que ha sido requerido.<\/span><\/p>\n<p><span style=\"color: #000000;\">Indic\u00f3 que ha asistido a cuanta citaci\u00f3n y\/o diligencia se le ha requerido, para \u00abuna a una, aclarar las dudas\u00bb y demostrar su \u00ababsoluto apego a la ley durante su gesti\u00f3n\u00bb y que por esa raz\u00f3n se archivaron las investigaciones correspondientes\u00bb.<\/span><\/p>\n<p><span style=\"color: #000000;\">No obstante, dijo que pesar de lo expuesto, quiere ponerse a la disposici\u00f3n de la Fiscal\u00eda para que realice las investigaciones que considere pertinentes,<\/span><\/p>\n<p><span style=\"color: #000000;\">\u00abEstoy dispuesto a presentarme ante su despacho cuantas veces fuera necesario, a fin de demostrar una vez m\u00e1s mi correcta participaci\u00f3n en la funci\u00f3n p\u00fablica\u00bb, precis\u00f3.<\/span><\/p>\n","protected":false},"excerpt":{"rendered":"<p>El jefe del Estado, Mart\u00edn Vizcarra, envi\u00f3 una carta al Ministerio P\u00fablico de Moquegua en la que se pone a disposici\u00f3n para que lo investiguen frente a las acusaciones en su contra. Lima, 01 Junio 2019, (ANDINA).- A pesar del amparo de su inmunidad presidencial, el jefe del Estado, Mart\u00edn Vizcarra, envi\u00f3 una carta al [&hellip;]<\/p>\n","protected":false},"author":1,"featured_media":50282,"comment_status":"open","ping_status":"open","sticky":false,"template":"","format":"standard","meta":{"rop_custom_images_group":[],"rop_custom_messages_group":[],"rop_publish_now":"initial","rop_publish_now_accounts":[],"rop_publish_now_history":[],"rop_publish_now_status":"pending","footnotes":""},"categories":[5],"tags":[289,3796,163],"class_list":["post-50281","post","type-post","status-publish","format-standard","has-post-thumbnail","hentry","category-actualidad-informativa","tag-martin-vizcarra","tag-moquegua","tag-poder-judicial"],"_links":{"self":[{"href":"https:\/\/elinformanteperu.com\/index.php\/wp-json\/wp\/v2\/posts\/50281","targetHints":{"allow":["GET"]}}],"collection":[{"href":"https:\/\/elinformanteperu.com\/index.php\/wp-json\/wp\/v2\/posts"}],"about":[{"href":"https:\/\/elinformanteperu.com\/index.php\/wp-json\/wp\/v2\/types\/post"}],"author":[{"embeddable":true,"href":"https:\/\/elinformanteperu.com\/index.php\/wp-json\/wp\/v2\/users\/1"}],"replies":[{"embeddable":true,"href":"https:\/\/elinformanteperu.com\/index.php\/wp-json\/wp\/v2\/comments?post=50281"}],"version-history":[{"count":2,"href":"https:\/\/elinformanteperu.com\/index.php\/wp-json\/wp\/v2\/posts\/50281\/revisions"}],"predecessor-version":[{"id":50284,"href":"https:\/\/elinformanteperu.com\/index.php\/wp-json\/wp\/v2\/posts\/50281\/revisions\/50284"}],"wp:featuredmedia":[{"embeddable":true,"href":"https:\/\/elinformanteperu.com\/index.php\/wp-json\/wp\/v2\/media\/50282"}],"wp:attachment":[{"href":"https:\/\/elinformanteperu.com\/index.php\/wp-json\/wp\/v2\/media?parent=50281"}],"wp:term":[{"taxonomy":"category","embeddable":true,"href":"https:\/\/elinformanteperu.com\/index.php\/wp-json\/wp\/v2\/categories?post=50281"},{"taxonomy":"post_tag","embeddable":true,"href":"https:\/\/elinformanteperu.com\/index.php\/wp-json\/wp\/v2\/tags?post=50281"}],"curies":[{"name":"wp","href":"https:\/\/api.w.org\/{rel}","templated":true}]}}