{"id":50279,"date":"2019-06-02T00:41:02","date_gmt":"2019-06-02T05:41:02","guid":{"rendered":"http:\/\/elinformanteperu.com\/?p=50279"},"modified":"2019-06-02T00:41:02","modified_gmt":"2019-06-02T05:41:02","slug":"cateriano-presidente-vizcarra-no-tiene-limitacion-para-presentar-proyectos-al-congreso","status":"publish","type":"post","link":"https:\/\/elinformanteperu.com\/index.php\/2019\/06\/02\/cateriano-presidente-vizcarra-no-tiene-limitacion-para-presentar-proyectos-al-congreso\/","title":{"rendered":"Cateriano: Presidente Vizcarra no tiene limitaci\u00f3n para presentar proyectos al Congreso"},"content":{"rendered":"<p><strong><span style=\"color: #000000;\">El presidente de la Rep\u00fablica, Mart\u00edn Vizcarra, no tiene alg\u00fan tipo de limitaci\u00f3n constitucional para presentar proyectos legislativos al Congreso de la Rep\u00fablica.<\/span><\/strong><\/p>\n<p><span style=\"color: #000000;\"><strong>Lima, 01 Junio 2019, (ANDINA).-<\/strong> El presidente de la Rep\u00fablica, Mart\u00edn Vizcarra, no tiene alg\u00fan tipo de limitaci\u00f3n constitucional para presentar proyectos legislativos al Congreso de la Rep\u00fablica, as\u00ed como hacer cuesti\u00f3n de confianza sobre ellos.<\/span><\/p>\n<p><span style=\"color: #000000;\">En ese sentido, consider\u00f3 que el titular del Tribunal Constitucional, Ernesto Blume Fortini, habr\u00eda cometido una infracci\u00f3n constitucional al adelantar opini\u00f3n respecto a la herramienta constitucional presentada por el Poder Ejecutivo.<\/span><\/p>\n<p><span style=\"color: #000000;\">\u00abEl presidente Mart\u00edn Vizcarra no tiene limitaci\u00f3n constitucional para presentar proyectos legislativos al Congreso de la Rep\u00fablica\u00bb, escribi\u00f3 a trav\u00e9s de su cuenta oficial de Twitter.<\/span><\/p>\n<p><span style=\"color: #000000;\">Asimismo, explic\u00f3 que tampoco tiene limitaciones constitucionales ni pol\u00edticas para enviar al titular de la Presidencia del Consejo de Ministros (PCM), Salvador del Solar, a \u00abpresentar una cuesti\u00f3n de confianza de acuerdo al criterio pol\u00edtico y plazo que estime pertinentes\u00bb.<\/span><\/p>\n<p><span style=\"color: #000000;\">\u00abEs cierto que el presidente Mart\u00edn Vizcarra no puede observar una reforma constitucional que aprueba el Congreso, pero s\u00ed puede presentar proyectos de reforma constitucional y hacer cuesti\u00f3n de confianza sobre ellos. Son procedimientos diferentes\u00bb, agreg\u00f3.<\/span><\/p>\n<p><span style=\"color: #000000;\">En tal sentido, se\u00f1al\u00f3 que si el Parlamento Nacional no aprueba las reformas planteadas por el Poder Ejecutivo y le niega la confianza al titular del Consejo de Ministros, \u00abtiene la facultad de disolver el Parlamento y convocar elecciones\u00bb.<\/span><\/p>\n<p><span style=\"color: #000000;\">\u00abNo es un golpe de Estado, porque el pueblo dirime el conflicto mediante el voto\u00bb, a\u00f1adi\u00f3.<\/span><\/p>\n<p><span style=\"color: #000000;\">En la v\u00edspera, el titular del TC, Ernesto Blume, asegur\u00f3 que el presidente Mart\u00edn Vizcarra \u00abno est\u00e1 habilitado constitucionalmente\u00bb para imponer al Poder Legislativo la aprobaci\u00f3n del contenido o alcances de una ley de reforma constitucional.<\/span><\/p>\n","protected":false},"excerpt":{"rendered":"<p>El presidente de la Rep\u00fablica, Mart\u00edn Vizcarra, no tiene alg\u00fan tipo de limitaci\u00f3n constitucional para presentar proyectos legislativos al Congreso de la Rep\u00fablica. Lima, 01 Junio 2019, (ANDINA).- El presidente de la Rep\u00fablica, Mart\u00edn Vizcarra, no tiene alg\u00fan tipo de limitaci\u00f3n constitucional para presentar proyectos legislativos al Congreso de la Rep\u00fablica, as\u00ed como hacer cuesti\u00f3n [&hellip;]<\/p>\n","protected":false},"author":1,"featured_media":44272,"comment_status":"open","ping_status":"open","sticky":false,"template":"","format":"standard","meta":{"rop_custom_images_group":[],"rop_custom_messages_group":[],"rop_publish_now":"initial","rop_publish_now_accounts":[],"rop_publish_now_history":[],"rop_publish_now_status":"pending","footnotes":""},"categories":[5],"tags":[4474,289,1651],"class_list":["post-50279","post","type-post","status-publish","format-standard","has-post-thumbnail","hentry","category-actualidad-informativa","tag-cuestion-de-confianza","tag-martin-vizcarra","tag-pedro-cateriano"],"_links":{"self":[{"href":"https:\/\/elinformanteperu.com\/index.php\/wp-json\/wp\/v2\/posts\/50279","targetHints":{"allow":["GET"]}}],"collection":[{"href":"https:\/\/elinformanteperu.com\/index.php\/wp-json\/wp\/v2\/posts"}],"about":[{"href":"https:\/\/elinformanteperu.com\/index.php\/wp-json\/wp\/v2\/types\/post"}],"author":[{"embeddable":true,"href":"https:\/\/elinformanteperu.com\/index.php\/wp-json\/wp\/v2\/users\/1"}],"replies":[{"embeddable":true,"href":"https:\/\/elinformanteperu.com\/index.php\/wp-json\/wp\/v2\/comments?post=50279"}],"version-history":[{"count":1,"href":"https:\/\/elinformanteperu.com\/index.php\/wp-json\/wp\/v2\/posts\/50279\/revisions"}],"predecessor-version":[{"id":50280,"href":"https:\/\/elinformanteperu.com\/index.php\/wp-json\/wp\/v2\/posts\/50279\/revisions\/50280"}],"wp:featuredmedia":[{"embeddable":true,"href":"https:\/\/elinformanteperu.com\/index.php\/wp-json\/wp\/v2\/media\/44272"}],"wp:attachment":[{"href":"https:\/\/elinformanteperu.com\/index.php\/wp-json\/wp\/v2\/media?parent=50279"}],"wp:term":[{"taxonomy":"category","embeddable":true,"href":"https:\/\/elinformanteperu.com\/index.php\/wp-json\/wp\/v2\/categories?post=50279"},{"taxonomy":"post_tag","embeddable":true,"href":"https:\/\/elinformanteperu.com\/index.php\/wp-json\/wp\/v2\/tags?post=50279"}],"curies":[{"name":"wp","href":"https:\/\/api.w.org\/{rel}","templated":true}]}}