{"id":50277,"date":"2019-06-02T00:38:33","date_gmt":"2019-06-02T05:38:33","guid":{"rendered":"http:\/\/elinformanteperu.com\/?p=50277"},"modified":"2019-06-02T00:38:33","modified_gmt":"2019-06-02T05:38:33","slug":"deniegan-medida-cautelar-a-consorcio-ligado-a-club-de-la-construccion","status":"publish","type":"post","link":"https:\/\/elinformanteperu.com\/index.php\/2019\/06\/02\/deniegan-medida-cautelar-a-consorcio-ligado-a-club-de-la-construccion\/","title":{"rendered":"Deniegan medida cautelar a consorcio ligado a Club de la Construcci\u00f3n"},"content":{"rendered":"<p><strong><span style=\"color: #000000;\">La Procuradur\u00eda P\u00fablica del Ministerio de Transportes y Comunicaciones (MTC) evit\u00f3 que una licitaci\u00f3n p\u00fablica internacional de m\u00e1s de 703 millones de soles.<\/span><\/strong><\/p>\n<p><span style=\"color: #000000;\"><strong>Lima, 01 Junio 2019, (ANDINA).-<\/strong> La Procuradur\u00eda P\u00fablica del Ministerio de Transportes y Comunicaciones (MTC) evit\u00f3 que una licitaci\u00f3n p\u00fablica internacional de m\u00e1s de 703 millones de soles se suspenda ante una solicitud de medida cautelar formulada por el Consorcio Vial Huayllay, donde participan empresas ligadas al denominado Club de la Construcci\u00f3n.<\/span><\/p>\n<p><span style=\"color: #000000;\">El MTC suscribi\u00f3 con dicho consorcio (conformado por Conalvias Construcciones-Per\u00fa, Martins-Per\u00fa y Johe) un contrato para el mejoramiento, rehabilitaci\u00f3n y conservaci\u00f3n del corredor Vial-Lima-Canta-Huayllay-Divisi\u00f3n Cochamarca-Unish, que contempla la rehabilitaci\u00f3n, mejoramiento y conservaci\u00f3n de un corredor vial de 206 km aproximadamente, asegurando la transitabilidad de la v\u00eda durante un periodo de 8 a\u00f1os.<\/span><\/p>\n<p><span style=\"color: #000000;\">Esta ruta alterna a la Carretera Central, mejorar\u00e1 la transitabilidad de la v\u00eda, reducir\u00e1 los costos de transporte, operaci\u00f3n y tiempo de viaje entre los departamentos de Lima y Cerro de Pasco. Adem\u00e1s, permitir\u00e1 un ahorro de 59,5 kms de recorrido y de tiempo de viaje de 7 horas 30 minutos a 5 horas 40 minutos.<\/span><\/p>\n<p><span style=\"color: #000000;\">Sin embargo, el contratista resolvi\u00f3 el contrato, por supuestos incumplimientos administrativos. Ante ello, el sector a fin de proseguir con la ejecuci\u00f3n del saldo de obra, ha realizado la Licitaci\u00f3n P\u00fablica Internacional ascendente a S\/ 703 millones, para contar con un nuevo contratista que culmine la referida obra.<\/span><\/p>\n<p><span style=\"color: #000000;\">No obstante, el Consorcio Vial Huayllay, interpuso una medida cautelar ante el tribunal arbitral solicitando que se deje sin efecto dicha licitaci\u00f3n. El 29 de mayo de 2019, el tribunal arbitral deneg\u00f3 la solicitud cautelar presentada por el consorcio.<\/span><\/p>\n<p><span style=\"color: #000000;\">\u201cEl Tribunal genera convicci\u00f3n en que no existe un peligro irreparable para el consorcio a partir de no otorgar la medida cautelar y que, por el contrario, s\u00ed se podr\u00eda presentar uno en Prov\u00edas Nacional\u201d, se\u00f1al\u00f3 el Tribunal Arbitral.<\/span><\/p>\n<p><span style=\"color: #000000;\">En tanto, el Procurador P\u00fablico del MTC, David Ortiz, manifest\u00f3 que la decisi\u00f3n tomada por esta instancia de resoluci\u00f3n de conflictos, es de \u201ctranscendental importancia para el sector\u201d, puesto que evit\u00f3 que se suspenda una licitaci\u00f3n p\u00fablica internacional de gran envergadura.<\/span><\/p>\n<p><span style=\"color: #000000;\">De esta forma, el MTC, liderado por la ministra Mar\u00eda Jara, ratifica su compromiso de luchar contra la corrupci\u00f3n al entregar a la poblaci\u00f3n carreteras m\u00e1s seguras y libres de actos ligados a este flagelo.<\/span><\/p>\n","protected":false},"excerpt":{"rendered":"<p>La Procuradur\u00eda P\u00fablica del Ministerio de Transportes y Comunicaciones (MTC) evit\u00f3 que una licitaci\u00f3n p\u00fablica internacional de m\u00e1s de 703 millones de soles. Lima, 01 Junio 2019, (ANDINA).- La Procuradur\u00eda P\u00fablica del Ministerio de Transportes y Comunicaciones (MTC) evit\u00f3 que una licitaci\u00f3n p\u00fablica internacional de m\u00e1s de 703 millones de soles se suspenda ante una [&hellip;]<\/p>\n","protected":false},"author":1,"featured_media":38659,"comment_status":"open","ping_status":"open","sticky":false,"template":"","format":"standard","meta":{"rop_custom_images_group":[],"rop_custom_messages_group":[],"rop_publish_now":"initial","rop_publish_now_accounts":[],"rop_publish_now_history":[],"rop_publish_now_status":"pending","footnotes":""},"categories":[5],"tags":[2710,318,317],"class_list":["post-50277","post","type-post","status-publish","format-standard","has-post-thumbnail","hentry","category-actualidad-informativa","tag-club-de-la-construccion","tag-ministerio-de-transportes-y-comunicaciones","tag-mtc"],"_links":{"self":[{"href":"https:\/\/elinformanteperu.com\/index.php\/wp-json\/wp\/v2\/posts\/50277","targetHints":{"allow":["GET"]}}],"collection":[{"href":"https:\/\/elinformanteperu.com\/index.php\/wp-json\/wp\/v2\/posts"}],"about":[{"href":"https:\/\/elinformanteperu.com\/index.php\/wp-json\/wp\/v2\/types\/post"}],"author":[{"embeddable":true,"href":"https:\/\/elinformanteperu.com\/index.php\/wp-json\/wp\/v2\/users\/1"}],"replies":[{"embeddable":true,"href":"https:\/\/elinformanteperu.com\/index.php\/wp-json\/wp\/v2\/comments?post=50277"}],"version-history":[{"count":1,"href":"https:\/\/elinformanteperu.com\/index.php\/wp-json\/wp\/v2\/posts\/50277\/revisions"}],"predecessor-version":[{"id":50278,"href":"https:\/\/elinformanteperu.com\/index.php\/wp-json\/wp\/v2\/posts\/50277\/revisions\/50278"}],"wp:featuredmedia":[{"embeddable":true,"href":"https:\/\/elinformanteperu.com\/index.php\/wp-json\/wp\/v2\/media\/38659"}],"wp:attachment":[{"href":"https:\/\/elinformanteperu.com\/index.php\/wp-json\/wp\/v2\/media?parent=50277"}],"wp:term":[{"taxonomy":"category","embeddable":true,"href":"https:\/\/elinformanteperu.com\/index.php\/wp-json\/wp\/v2\/categories?post=50277"},{"taxonomy":"post_tag","embeddable":true,"href":"https:\/\/elinformanteperu.com\/index.php\/wp-json\/wp\/v2\/tags?post=50277"}],"curies":[{"name":"wp","href":"https:\/\/api.w.org\/{rel}","templated":true}]}}