{"id":50200,"date":"2019-06-01T11:53:29","date_gmt":"2019-06-01T16:53:29","guid":{"rendered":"http:\/\/elinformanteperu.com\/?p=50200"},"modified":"2019-06-01T11:53:29","modified_gmt":"2019-06-01T16:53:29","slug":"cinta-peruana-papa-x-tres-se-estrena-en-setiembre","status":"publish","type":"post","link":"https:\/\/elinformanteperu.com\/index.php\/2019\/06\/01\/cinta-peruana-papa-x-tres-se-estrena-en-setiembre\/","title":{"rendered":"Cinta peruana \u00abPap\u00e1 X Tres\u00bb se estrena en setiembre"},"content":{"rendered":"<p><strong><span style=\"color: #000000;\">La cinta peruana \u00abPap\u00e1 X Tres\u00bb se estrenar\u00e1 el pr\u00f3ximo 12 de setiembre y tiene en el rol protag\u00f3nico a Juan Carlos Rey de Castro.<\/span><\/strong><\/p>\n<p><span style=\"color: #000000;\"><strong>Lima, 31 Mayo 2019, (ANDINA).-<\/strong> La cinta peruana \u00abPap\u00e1 X Tres\u00bb se estrenar\u00e1 el pr\u00f3ximo 12 de setiembre y tiene en el rol protag\u00f3nico a Juan Carlos Rey de Castro.<\/span><\/p>\n<p><span style=\"color: #000000;\">La comedia familiar est\u00e1 escrita y dirigida por Sandro Ventura Mantilla y adem\u00e1s de Rey de Castro se suman al elenco Alicia Mercado y Karina Jord\u00e1n.<\/span><\/p>\n<p><span style=\"color: #000000;\">Junto a ellos Jos\u00e9 Pel\u00e1ez, Giselle Collao, Tati Alc\u00e1ntara, Gonzalo Torres y las participaciones especiales de Gianfranco Brero y Camucha Negrete.<\/span><\/p>\n<p><span style=\"color: #000000;\">La historia gira en torno a Rafael, quien a sus 30 a\u00f1os se encuentra divorciado y con tres hijos de 12, 11 y 9 a\u00f1os. Aparentemente esa situaci\u00f3n lo convierte en un caballero no muy requerido por las mujeres de su edad.<\/span><\/p>\n<p><span style=\"color: #000000;\">Debido a esta situaci\u00f3n, el protagonista decide evitar tener novias, deja de lado el sentimiento y solo busca divertirse. Su decisi\u00f3n coincide con el viaje de la madre de sus hijos a Australia; por lo que ahora \u00e9l debe quedarse con sus tres ni\u00f1os a tiempo completo, hecho que le pondr\u00e1 la vida de cabeza.<\/span><\/p>\n<p><span style=\"color: #000000;\">Inspirada en hechos reales, \u00abPap\u00e1 X tres\u00bb es una historia de aprendizaje, responsabilidad y desprendimiento.<\/span><\/p>\n<p><span style=\"color: #000000;\">Adem\u00e1s es la pel\u00edcula n\u00famero trece de Big Bang Films y la s\u00e9ptima cinta de Sandro Ventura, realizador de \u201cLoco Cielo de Abril\u201d y el documental \u201cHerencia: La Pel\u00edcula\u201d.<\/span><\/p>\n<p><img fetchpriority=\"high\" decoding=\"async\" class=\"aligncenter size-full wp-image-48572\" src=\"http:\/\/elinformanteperu.com\/wp-content\/uploads\/2019\/05\/cine6.jpg\" alt=\"\" width=\"1800\" height=\"1200\" srcset=\"https:\/\/elinformanteperu.com\/wp-content\/uploads\/2019\/05\/cine6.jpg 1800w, https:\/\/elinformanteperu.com\/wp-content\/uploads\/2019\/05\/cine6-300x200.jpg 300w, https:\/\/elinformanteperu.com\/wp-content\/uploads\/2019\/05\/cine6-768x512.jpg 768w, https:\/\/elinformanteperu.com\/wp-content\/uploads\/2019\/05\/cine6-1024x683.jpg 1024w, https:\/\/elinformanteperu.com\/wp-content\/uploads\/2019\/05\/cine6-128x85.jpg 128w, https:\/\/elinformanteperu.com\/wp-content\/uploads\/2019\/05\/cine6-32x21.jpg 32w\" sizes=\"(max-width: 1800px) 100vw, 1800px\" \/><\/p>\n","protected":false},"excerpt":{"rendered":"<p>La cinta peruana \u00abPap\u00e1 X Tres\u00bb se estrenar\u00e1 el pr\u00f3ximo 12 de setiembre y tiene en el rol protag\u00f3nico a Juan Carlos Rey de Castro. Lima, 31 Mayo 2019, (ANDINA).- La cinta peruana \u00abPap\u00e1 X Tres\u00bb se estrenar\u00e1 el pr\u00f3ximo 12 de setiembre y tiene en el rol protag\u00f3nico a Juan Carlos Rey de Castro. [&hellip;]<\/p>\n","protected":false},"author":1,"featured_media":50201,"comment_status":"open","ping_status":"open","sticky":false,"template":"","format":"standard","meta":{"rop_custom_images_group":[],"rop_custom_messages_group":[],"rop_publish_now":"initial","rop_publish_now_accounts":[],"rop_publish_now_history":[],"rop_publish_now_status":"pending","footnotes":""},"categories":[7],"tags":[1626,4488],"class_list":["post-50200","post","type-post","status-publish","format-standard","has-post-thumbnail","hentry","category-butaca","tag-cine-peruano","tag-papa-x-tres"],"_links":{"self":[{"href":"https:\/\/elinformanteperu.com\/index.php\/wp-json\/wp\/v2\/posts\/50200","targetHints":{"allow":["GET"]}}],"collection":[{"href":"https:\/\/elinformanteperu.com\/index.php\/wp-json\/wp\/v2\/posts"}],"about":[{"href":"https:\/\/elinformanteperu.com\/index.php\/wp-json\/wp\/v2\/types\/post"}],"author":[{"embeddable":true,"href":"https:\/\/elinformanteperu.com\/index.php\/wp-json\/wp\/v2\/users\/1"}],"replies":[{"embeddable":true,"href":"https:\/\/elinformanteperu.com\/index.php\/wp-json\/wp\/v2\/comments?post=50200"}],"version-history":[{"count":1,"href":"https:\/\/elinformanteperu.com\/index.php\/wp-json\/wp\/v2\/posts\/50200\/revisions"}],"predecessor-version":[{"id":50202,"href":"https:\/\/elinformanteperu.com\/index.php\/wp-json\/wp\/v2\/posts\/50200\/revisions\/50202"}],"wp:featuredmedia":[{"embeddable":true,"href":"https:\/\/elinformanteperu.com\/index.php\/wp-json\/wp\/v2\/media\/50201"}],"wp:attachment":[{"href":"https:\/\/elinformanteperu.com\/index.php\/wp-json\/wp\/v2\/media?parent=50200"}],"wp:term":[{"taxonomy":"category","embeddable":true,"href":"https:\/\/elinformanteperu.com\/index.php\/wp-json\/wp\/v2\/categories?post=50200"},{"taxonomy":"post_tag","embeddable":true,"href":"https:\/\/elinformanteperu.com\/index.php\/wp-json\/wp\/v2\/tags?post=50200"}],"curies":[{"name":"wp","href":"https:\/\/api.w.org\/{rel}","templated":true}]}}