{"id":50168,"date":"2019-05-30T23:10:01","date_gmt":"2019-05-31T04:10:01","guid":{"rendered":"http:\/\/elinformanteperu.com\/?p=50168"},"modified":"2019-05-30T23:10:01","modified_gmt":"2019-05-31T04:10:01","slug":"poder-judicial-amplio-a-24-meses-prision-preventiva-contra-susana-villaran","status":"publish","type":"post","link":"https:\/\/elinformanteperu.com\/index.php\/2019\/05\/30\/poder-judicial-amplio-a-24-meses-prision-preventiva-contra-susana-villaran\/","title":{"rendered":"Poder Judicial ampli\u00f3 a 24 meses prisi\u00f3n preventiva contra Susana Villar\u00e1n"},"content":{"rendered":"<p><strong><span style=\"color: #000000;\">La Primera Sala Penal Permanente aument\u00f3 a 24 meses el plazo de prisi\u00f3n preventiva contra la exalcaldesa de Lima, Susana Villar\u00e1n.<\/span><\/strong><\/p>\n<p><span style=\"color: #000000;\"><strong>Lima, 30 Mayo 2019, (ANDINA).-<\/strong> La Primera Sala Penal Permanente Especializada en Delitos de Corrupci\u00f3n de Funcionarios aument\u00f3 a 24 meses el plazo de prisi\u00f3n preventiva contra la exalcaldesa de Lima, Susana Villar\u00e1n, al considerar que es un caso complejo.<\/span><\/p>\n<p><span style=\"color: #000000;\">La mencionada sala penal tambi\u00e9n dispuso esa medida para Miguel Castro y Luis G\u00f3mez.<\/span><\/p>\n<p><span style=\"color: #000000;\">Villar\u00e1n de la Puente, el exgerente municipal, Jos\u00e9 Miguel Castro y el exsecretario de econom\u00eda del partido Di\u00e1logo Vecinal, Luis G\u00f3mez Cornejo apelaron la prisi\u00f3n preventiva en contra en el proceso que se les sigue por la presunta comisi\u00f3n de los delitos de asociaci\u00f3n il\u00edcita, cohecho pasivo propio y lavado de activos.<\/span><\/p>\n<p><span style=\"color: #000000;\">El Poder Judicial ratific\u00f3 la prisi\u00f3n preventiva contra las mencionadas personas.<\/span><\/p>\n","protected":false},"excerpt":{"rendered":"<p>La Primera Sala Penal Permanente aument\u00f3 a 24 meses el plazo de prisi\u00f3n preventiva contra la exalcaldesa de Lima, Susana Villar\u00e1n. Lima, 30 Mayo 2019, (ANDINA).- La Primera Sala Penal Permanente Especializada en Delitos de Corrupci\u00f3n de Funcionarios aument\u00f3 a 24 meses el plazo de prisi\u00f3n preventiva contra la exalcaldesa de Lima, Susana Villar\u00e1n, al [&hellip;]<\/p>\n","protected":false},"author":1,"featured_media":50169,"comment_status":"open","ping_status":"open","sticky":false,"template":"","format":"standard","meta":{"rop_custom_images_group":[],"rop_custom_messages_group":[],"rop_publish_now":"initial","rop_publish_now_accounts":[],"rop_publish_now_history":[],"rop_publish_now_status":"pending","footnotes":""},"categories":[5],"tags":[2132,619,776],"class_list":["post-50168","post","type-post","status-publish","format-standard","has-post-thumbnail","hentry","category-actualidad-informativa","tag-oas","tag-odebrecht","tag-susana-villaran"],"_links":{"self":[{"href":"https:\/\/elinformanteperu.com\/index.php\/wp-json\/wp\/v2\/posts\/50168","targetHints":{"allow":["GET"]}}],"collection":[{"href":"https:\/\/elinformanteperu.com\/index.php\/wp-json\/wp\/v2\/posts"}],"about":[{"href":"https:\/\/elinformanteperu.com\/index.php\/wp-json\/wp\/v2\/types\/post"}],"author":[{"embeddable":true,"href":"https:\/\/elinformanteperu.com\/index.php\/wp-json\/wp\/v2\/users\/1"}],"replies":[{"embeddable":true,"href":"https:\/\/elinformanteperu.com\/index.php\/wp-json\/wp\/v2\/comments?post=50168"}],"version-history":[{"count":1,"href":"https:\/\/elinformanteperu.com\/index.php\/wp-json\/wp\/v2\/posts\/50168\/revisions"}],"predecessor-version":[{"id":50170,"href":"https:\/\/elinformanteperu.com\/index.php\/wp-json\/wp\/v2\/posts\/50168\/revisions\/50170"}],"wp:featuredmedia":[{"embeddable":true,"href":"https:\/\/elinformanteperu.com\/index.php\/wp-json\/wp\/v2\/media\/50169"}],"wp:attachment":[{"href":"https:\/\/elinformanteperu.com\/index.php\/wp-json\/wp\/v2\/media?parent=50168"}],"wp:term":[{"taxonomy":"category","embeddable":true,"href":"https:\/\/elinformanteperu.com\/index.php\/wp-json\/wp\/v2\/categories?post=50168"},{"taxonomy":"post_tag","embeddable":true,"href":"https:\/\/elinformanteperu.com\/index.php\/wp-json\/wp\/v2\/tags?post=50168"}],"curies":[{"name":"wp","href":"https:\/\/api.w.org\/{rel}","templated":true}]}}