{"id":50165,"date":"2019-05-30T23:05:02","date_gmt":"2019-05-31T04:05:02","guid":{"rendered":"http:\/\/elinformanteperu.com\/?p=50165"},"modified":"2019-05-30T23:05:02","modified_gmt":"2019-05-31T04:05:02","slug":"arce-nuevo-peru-no-otorgara-el-voto-de-confianza","status":"publish","type":"post","link":"https:\/\/elinformanteperu.com\/index.php\/2019\/05\/30\/arce-nuevo-peru-no-otorgara-el-voto-de-confianza\/","title":{"rendered":"Arce: Nuevo Per\u00fa no otorgar\u00e1 el voto de confianza"},"content":{"rendered":"<p><strong><span style=\"color: #000000;\">El vocero de Nuevo Per\u00fa, Richard Arce, salud\u00f3 la decisi\u00f3n del Ejecutivo de presentar una cuesti\u00f3n de confianza al Congreso de la Rep\u00fablica, pero adelant\u00f3 que su bancada votar\u00e1 en contra.<\/span><\/strong><\/p>\n<p><span style=\"color: #000000;\"><strong>Lima, 30 Mayo 2019, (ANDINA).-<\/strong> El vocero de Nuevo Per\u00fa, Richard Arce, salud\u00f3 la decisi\u00f3n del Ejecutivo de presentar una cuesti\u00f3n de confianza al Congreso de la Rep\u00fablica, pero adelant\u00f3 que su bancada votar\u00e1 en contra de la propuesta planteada por el gobierno.<\/span><\/p>\n<p><span style=\"color: #000000;\">\u201cEs importante el mensaje a la Naci\u00f3n, lo saludamos porque nosotros hicimos ese pedido expreso despu\u00e9s de la sesi\u00f3n de la Comisi\u00f3n Permanente. Ha sido muy indignante lo sucedido porque por s\u00e9ptima vez se blindaba al se\u00f1or Pedro Ch\u00e1varri\u201d, declar\u00f3 a canal N.<\/span><\/p>\n<p><span style=\"color: #000000;\">No obstante, dijo que su agrupaci\u00f3n considera imprescindible que el Congreso, con mayor\u00eda fujimorista, no siga manejando los destinos del pa\u00eds, por lo cual, indic\u00f3, no otorgar\u00e1 la confianza para forzar el cierre del Parlamento.<\/span><\/p>\n<p><span style=\"color: #000000;\">Advirti\u00f3 que, de aprobarse la cuesti\u00f3n de confianza, la responsabilidad de la reforma pol\u00edtica recaer\u00eda en la bancada de Fuerza Popular en sociedad con el Apra.<\/span><\/p>\n<p><span style=\"color: #000000;\">\u201cEn ese escenario no nos queda otra alternativa que votar en contra del voto de confianza, porque la \u00fanica alternativa es que se disuelva este Congreso con mayor\u00eda fujimorista\u00bb, expres\u00f3.<\/span><\/p>\n<p><span style=\"color: #000000;\">El legislador reconoci\u00f3 que la \u00fanica alternativa que tenemos para cambiar el actual sistema, que, lament\u00f3, ha llegado a corromper hasta a los presidentes de la Rep\u00fablica y a diferentes instancias de gobierno.<\/span><\/p>\n<p><span style=\"color: #000000;\">Hasta el momento, las bancadas de Nuevo Per\u00fa y del Frente Amplio han adelantado que no respaldar\u00e1n la cuesti\u00f3n de confianza solicitada por el Poder Ejecutivo porque consideran que Fuerza Popular continuar\u00e1 con el bloqueo a reformas que beneficien a la poblaci\u00f3n.<\/span><\/p>\n","protected":false},"excerpt":{"rendered":"<p>El vocero de Nuevo Per\u00fa, Richard Arce, salud\u00f3 la decisi\u00f3n del Ejecutivo de presentar una cuesti\u00f3n de confianza al Congreso de la Rep\u00fablica, pero adelant\u00f3 que su bancada votar\u00e1 en contra. Lima, 30 Mayo 2019, (ANDINA).- El vocero de Nuevo Per\u00fa, Richard Arce, salud\u00f3 la decisi\u00f3n del Ejecutivo de presentar una cuesti\u00f3n de confianza al [&hellip;]<\/p>\n","protected":false},"author":1,"featured_media":50166,"comment_status":"open","ping_status":"open","sticky":false,"template":"","format":"standard","meta":{"rop_custom_images_group":[],"rop_custom_messages_group":[],"rop_publish_now":"initial","rop_publish_now_accounts":[],"rop_publish_now_history":[],"rop_publish_now_status":"pending","footnotes":""},"categories":[5],"tags":[192,4474,1550],"class_list":["post-50165","post","type-post","status-publish","format-standard","has-post-thumbnail","hentry","category-actualidad-informativa","tag-congreso","tag-cuestion-de-confianza","tag-richard-arce"],"_links":{"self":[{"href":"https:\/\/elinformanteperu.com\/index.php\/wp-json\/wp\/v2\/posts\/50165","targetHints":{"allow":["GET"]}}],"collection":[{"href":"https:\/\/elinformanteperu.com\/index.php\/wp-json\/wp\/v2\/posts"}],"about":[{"href":"https:\/\/elinformanteperu.com\/index.php\/wp-json\/wp\/v2\/types\/post"}],"author":[{"embeddable":true,"href":"https:\/\/elinformanteperu.com\/index.php\/wp-json\/wp\/v2\/users\/1"}],"replies":[{"embeddable":true,"href":"https:\/\/elinformanteperu.com\/index.php\/wp-json\/wp\/v2\/comments?post=50165"}],"version-history":[{"count":1,"href":"https:\/\/elinformanteperu.com\/index.php\/wp-json\/wp\/v2\/posts\/50165\/revisions"}],"predecessor-version":[{"id":50167,"href":"https:\/\/elinformanteperu.com\/index.php\/wp-json\/wp\/v2\/posts\/50165\/revisions\/50167"}],"wp:featuredmedia":[{"embeddable":true,"href":"https:\/\/elinformanteperu.com\/index.php\/wp-json\/wp\/v2\/media\/50166"}],"wp:attachment":[{"href":"https:\/\/elinformanteperu.com\/index.php\/wp-json\/wp\/v2\/media?parent=50165"}],"wp:term":[{"taxonomy":"category","embeddable":true,"href":"https:\/\/elinformanteperu.com\/index.php\/wp-json\/wp\/v2\/categories?post=50165"},{"taxonomy":"post_tag","embeddable":true,"href":"https:\/\/elinformanteperu.com\/index.php\/wp-json\/wp\/v2\/tags?post=50165"}],"curies":[{"name":"wp","href":"https:\/\/api.w.org\/{rel}","templated":true}]}}