{"id":50161,"date":"2019-05-30T23:02:05","date_gmt":"2019-05-31T04:02:05","guid":{"rendered":"http:\/\/elinformanteperu.com\/?p=50161"},"modified":"2019-05-30T23:02:05","modified_gmt":"2019-05-31T04:02:05","slug":"cuestion-de-confianza-salaverry-convoca-pleno-para-el-martes-4-de-junio","status":"publish","type":"post","link":"https:\/\/elinformanteperu.com\/index.php\/2019\/05\/30\/cuestion-de-confianza-salaverry-convoca-pleno-para-el-martes-4-de-junio\/","title":{"rendered":"Cuesti\u00f3n de confianza: Salaverry convoca pleno para el martes 4 de junio"},"content":{"rendered":"<p><strong><span style=\"color: #000000;\">El presidente del Congreso, Daniel Salaverry, anunci\u00f3 la convocatoria a sesi\u00f3n del pleno el pr\u00f3ximo martes 4 de junio desde las 9:00 horas, con la finalidad de dar tr\u00e1mite a la cuesti\u00f3n de confianza.<\/span><\/strong><\/p>\n<p><span style=\"color: #000000;\"><strong>Lima, 30 Mayo 2019, (ANDINA).-<\/strong> El presidente del Congreso, Daniel Salaverry, anunci\u00f3 la convocatoria a sesi\u00f3n del pleno el pr\u00f3ximo martes 4 de junio desde las 9:00 horas, con la finalidad de dar tr\u00e1mite a la cuesti\u00f3n de confianza presentada por el Poder Ejecutivo.<\/span><\/p>\n<p><span style=\"color: #000000;\">A trav\u00e9s de un pronunciamiento efectuado en la sede del Legislativo, indic\u00f3 que comparte la indignaci\u00f3n de muchos por los hechos ocurridos esta semana en la Comisi\u00f3n Permanente, \u00abhechos que han contribuido a profundizar la grave crisis pol\u00edtica que atraviesa nuestro pa\u00eds\u00bb.<\/span><\/p>\n<p><img fetchpriority=\"high\" decoding=\"async\" class=\"aligncenter size-full wp-image-50163\" src=\"http:\/\/elinformanteperu.com\/wp-content\/uploads\/2019\/05\/salaverry-declaracion1.jpg\" alt=\"\" width=\"1800\" height=\"1200\" srcset=\"https:\/\/elinformanteperu.com\/wp-content\/uploads\/2019\/05\/salaverry-declaracion1.jpg 1800w, https:\/\/elinformanteperu.com\/wp-content\/uploads\/2019\/05\/salaverry-declaracion1-300x200.jpg 300w, https:\/\/elinformanteperu.com\/wp-content\/uploads\/2019\/05\/salaverry-declaracion1-768x512.jpg 768w, https:\/\/elinformanteperu.com\/wp-content\/uploads\/2019\/05\/salaverry-declaracion1-1024x683.jpg 1024w, https:\/\/elinformanteperu.com\/wp-content\/uploads\/2019\/05\/salaverry-declaracion1-128x85.jpg 128w, https:\/\/elinformanteperu.com\/wp-content\/uploads\/2019\/05\/salaverry-declaracion1-32x21.jpg 32w\" sizes=\"(max-width: 1800px) 100vw, 1800px\" \/><span style=\"color: #000000;\">\u00abHe tenido una reuni\u00f3n con el presidente del Consejo de Ministros (Salvador del Solar) y estoy convocando a la sesi\u00f3n del pleno (del Congreso) para el martes 4 de junio a las 9:00 horas a fin de dar tr\u00e1mite a la cuesti\u00f3n de confianza\u00bb, se\u00f1al\u00f3.<\/span><\/p>\n<p><span style=\"color: #000000;\">Salaverry se\u00f1al\u00f3 que para evitar futuros problemas como los ocurridos en la Comisi\u00f3n Permanente, \u00abse hace indispensable\u00bb la recomposici\u00f3n de todas las Comisiones Parlamentarias.<\/span><\/p>\n<p><span style=\"color: #000000;\">\u00abBasta ya que la c\u00fapula de una bancada afecte la lucha contra la corrupci\u00f3n, que bloqueen las reformas y contribuyan al desprestigio de este Poder del Estado\u00bb, precis\u00f3.<\/span><\/p>\n<p><span style=\"color: #000000;\">En ese sentido, hizo un llamado a todos los congresistas que \u00abse sientan presionados o intimidados\u00bb por esta c\u00fapula \u00aba que act\u00faen de acuerdo a lo que dictamine con conciencia por el bien del pa\u00eds\u00bb.<\/span><\/p>\n","protected":false},"excerpt":{"rendered":"<p>El presidente del Congreso, Daniel Salaverry, anunci\u00f3 la convocatoria a sesi\u00f3n del pleno el pr\u00f3ximo martes 4 de junio desde las 9:00 horas, con la finalidad de dar tr\u00e1mite a la cuesti\u00f3n de confianza. Lima, 30 Mayo 2019, (ANDINA).- El presidente del Congreso, Daniel Salaverry, anunci\u00f3 la convocatoria a sesi\u00f3n del pleno el pr\u00f3ximo martes [&hellip;]<\/p>\n","protected":false},"author":1,"featured_media":50162,"comment_status":"open","ping_status":"open","sticky":false,"template":"","format":"standard","meta":{"rop_custom_images_group":[],"rop_custom_messages_group":[],"rop_publish_now":"initial","rop_publish_now_accounts":[],"rop_publish_now_history":[],"rop_publish_now_status":"pending","footnotes":""},"categories":[5],"tags":[192,4474,858],"class_list":["post-50161","post","type-post","status-publish","format-standard","has-post-thumbnail","hentry","category-actualidad-informativa","tag-congreso","tag-cuestion-de-confianza","tag-daniel-salaverry"],"_links":{"self":[{"href":"https:\/\/elinformanteperu.com\/index.php\/wp-json\/wp\/v2\/posts\/50161","targetHints":{"allow":["GET"]}}],"collection":[{"href":"https:\/\/elinformanteperu.com\/index.php\/wp-json\/wp\/v2\/posts"}],"about":[{"href":"https:\/\/elinformanteperu.com\/index.php\/wp-json\/wp\/v2\/types\/post"}],"author":[{"embeddable":true,"href":"https:\/\/elinformanteperu.com\/index.php\/wp-json\/wp\/v2\/users\/1"}],"replies":[{"embeddable":true,"href":"https:\/\/elinformanteperu.com\/index.php\/wp-json\/wp\/v2\/comments?post=50161"}],"version-history":[{"count":1,"href":"https:\/\/elinformanteperu.com\/index.php\/wp-json\/wp\/v2\/posts\/50161\/revisions"}],"predecessor-version":[{"id":50164,"href":"https:\/\/elinformanteperu.com\/index.php\/wp-json\/wp\/v2\/posts\/50161\/revisions\/50164"}],"wp:featuredmedia":[{"embeddable":true,"href":"https:\/\/elinformanteperu.com\/index.php\/wp-json\/wp\/v2\/media\/50162"}],"wp:attachment":[{"href":"https:\/\/elinformanteperu.com\/index.php\/wp-json\/wp\/v2\/media?parent=50161"}],"wp:term":[{"taxonomy":"category","embeddable":true,"href":"https:\/\/elinformanteperu.com\/index.php\/wp-json\/wp\/v2\/categories?post=50161"},{"taxonomy":"post_tag","embeddable":true,"href":"https:\/\/elinformanteperu.com\/index.php\/wp-json\/wp\/v2\/tags?post=50161"}],"curies":[{"name":"wp","href":"https:\/\/api.w.org\/{rel}","templated":true}]}}