{"id":50158,"date":"2019-05-30T22:58:37","date_gmt":"2019-05-31T03:58:37","guid":{"rendered":"http:\/\/elinformanteperu.com\/?p=50158"},"modified":"2019-05-30T22:58:37","modified_gmt":"2019-05-31T03:58:37","slug":"del-solar-espera-invitacion-del-congreso-para-defender-reforma-politica","status":"publish","type":"post","link":"https:\/\/elinformanteperu.com\/index.php\/2019\/05\/30\/del-solar-espera-invitacion-del-congreso-para-defender-reforma-politica\/","title":{"rendered":"Del Solar espera invitaci\u00f3n del Congreso para defender reforma pol\u00edtica"},"content":{"rendered":"<p><strong><span style=\"color: #000000;\">El presidente del Consejo de Ministros, Salvador del Solar, dijo estar a la espera de la invitaci\u00f3n del titular del Congreso para defender la reforma pol\u00edtica, tras formalizar pedido de cuesti\u00f3n de confianza.<\/span><\/strong><\/p>\n<p><span style=\"color: #000000;\"><strong>Lima, 30 Mayo 2019, (ANDINA).-<\/strong> El presidente del Consejo de Ministros, Salvador del Solar, dijo estar a la espera de la invitaci\u00f3n del titular del Congreso para defender la reforma pol\u00edtica, tras formalizar pedido de cuesti\u00f3n de confianza.<\/span><\/p>\n<p><span style=\"color: #000000;\">A su salida de la sede del Poder Legislativo y luego de ser recibido por Daniel Salaverry, a quien le dej\u00f3 el oficio pidiendo que fije fecha y hora para su presentaci\u00f3n ante el pleno de la representaci\u00f3n nacional para sustentar la cuesti\u00f3n de confianza, Del Solar remarc\u00f3 la importancia de recobrar la confianza ciudadana en la pol\u00edtica.<\/span><\/p>\n<p><span style=\"color: #000000;\">Reiter\u00f3 el compromiso del Gobierno de sacar adelante dicha reforma y dejarla como legado para un pa\u00eds mejor, con reglas claras, partidos s\u00f3lidos, que evite la participaci\u00f3n de personas con sentencia por delito doloso.<\/span><\/p>\n<p><span style=\"color: #000000;\">Adem\u00e1s, que establezca como delito tipificado en el C\u00f3digo Penal el financiamiento il\u00edcito a las agrupaciones pol\u00edticas, que promueva la paridad y logre que la inmunidad parlamentaria sea vista por una entidad distinta al Congreso.<\/span><\/p>\n<p><span style=\"color: #000000;\">\u201cVamos a venir el d\u00eda en que el presidente del Congreso nos cite para defender la reforma pol\u00edtica que el Per\u00fa y el Bicentenario reclama y necesita\u201d, expres\u00f3.<\/span><\/p>\n<p><span style=\"color: #000000;\">Del Solar se\u00f1al\u00f3 que hacen cuesti\u00f3n de confianza sobre una selecci\u00f3n de proyectos que constituyen el n\u00facleo fundamental de la reforma.<\/span><\/p>\n<p><span style=\"color: #000000;\">\u201cQue deben ser debatidos y aprobados en el sentido de la reforma, no literalmente como dicen, pero s\u00ed respetando el esp\u00edritu fundamental sin desnaturalizarlos, porque el pa\u00eds merece tener una verdadera reforma polic\u00eda\u201d, a\u00f1adi\u00f3.<\/span><\/p>\n","protected":false},"excerpt":{"rendered":"<p>El presidente del Consejo de Ministros, Salvador del Solar, dijo estar a la espera de la invitaci\u00f3n del titular del Congreso para defender la reforma pol\u00edtica, tras formalizar pedido de cuesti\u00f3n de confianza. Lima, 30 Mayo 2019, (ANDINA).- El presidente del Consejo de Ministros, Salvador del Solar, dijo estar a la espera de la invitaci\u00f3n [&hellip;]<\/p>\n","protected":false},"author":1,"featured_media":50159,"comment_status":"open","ping_status":"open","sticky":false,"template":"","format":"standard","meta":{"rop_custom_images_group":[],"rop_custom_messages_group":[],"rop_publish_now":"initial","rop_publish_now_accounts":[],"rop_publish_now_history":[],"rop_publish_now_status":"pending","footnotes":""},"categories":[5],"tags":[192,4474,473],"class_list":["post-50158","post","type-post","status-publish","format-standard","has-post-thumbnail","hentry","category-actualidad-informativa","tag-congreso","tag-cuestion-de-confianza","tag-salvador-del-solar"],"_links":{"self":[{"href":"https:\/\/elinformanteperu.com\/index.php\/wp-json\/wp\/v2\/posts\/50158","targetHints":{"allow":["GET"]}}],"collection":[{"href":"https:\/\/elinformanteperu.com\/index.php\/wp-json\/wp\/v2\/posts"}],"about":[{"href":"https:\/\/elinformanteperu.com\/index.php\/wp-json\/wp\/v2\/types\/post"}],"author":[{"embeddable":true,"href":"https:\/\/elinformanteperu.com\/index.php\/wp-json\/wp\/v2\/users\/1"}],"replies":[{"embeddable":true,"href":"https:\/\/elinformanteperu.com\/index.php\/wp-json\/wp\/v2\/comments?post=50158"}],"version-history":[{"count":1,"href":"https:\/\/elinformanteperu.com\/index.php\/wp-json\/wp\/v2\/posts\/50158\/revisions"}],"predecessor-version":[{"id":50160,"href":"https:\/\/elinformanteperu.com\/index.php\/wp-json\/wp\/v2\/posts\/50158\/revisions\/50160"}],"wp:featuredmedia":[{"embeddable":true,"href":"https:\/\/elinformanteperu.com\/index.php\/wp-json\/wp\/v2\/media\/50159"}],"wp:attachment":[{"href":"https:\/\/elinformanteperu.com\/index.php\/wp-json\/wp\/v2\/media?parent=50158"}],"wp:term":[{"taxonomy":"category","embeddable":true,"href":"https:\/\/elinformanteperu.com\/index.php\/wp-json\/wp\/v2\/categories?post=50158"},{"taxonomy":"post_tag","embeddable":true,"href":"https:\/\/elinformanteperu.com\/index.php\/wp-json\/wp\/v2\/tags?post=50158"}],"curies":[{"name":"wp","href":"https:\/\/api.w.org\/{rel}","templated":true}]}}