{"id":50156,"date":"2019-05-30T22:50:38","date_gmt":"2019-05-31T03:50:38","guid":{"rendered":"http:\/\/elinformanteperu.com\/?p=50156"},"modified":"2019-05-30T22:50:38","modified_gmt":"2019-05-31T03:50:38","slug":"incapacidad-moral-o-fisica-del-presidente-sera-declarada-por-dos-tercios-de-congresistas","status":"publish","type":"post","link":"https:\/\/elinformanteperu.com\/index.php\/2019\/05\/30\/incapacidad-moral-o-fisica-del-presidente-sera-declarada-por-dos-tercios-de-congresistas\/","title":{"rendered":"Incapacidad moral o f\u00edsica del presidente ser\u00e1 declarada por dos tercios de congresistas"},"content":{"rendered":"<p><strong><span style=\"color: #000000;\">La Comisi\u00f3n de Constituci\u00f3n aprob\u00f3, por unanimidad, modificar el art\u00edculo 113 de la Constituci\u00f3n Pol\u00edtica del Per\u00fa para precisar la permanente incapacidad moral del presidente de la Rep\u00fablica.<\/span><\/strong><\/p>\n<p><span style=\"color: #000000;\"><strong>Lima, 30 Mayo 2019, (ANDINA).-<\/strong> La Comisi\u00f3n de Constituci\u00f3n aprob\u00f3, por unanimidad, modificar el art\u00edculo 113 de la Constituci\u00f3n Pol\u00edtica del Per\u00fa para precisar que la permanente incapacidad moral o f\u00edsica para vacar al presidente de la Rep\u00fablica debe ser declarada por no menos de los dos tercios del n\u00famero legal de miembros del Congreso.<\/span><\/p>\n<p><span style=\"color: #000000;\">El art\u00edculo 113 de la Carta Magna se\u00f1ala que la presidencia de la Rep\u00fablica se vaca por su permanente incapacidad moral o f\u00edsica, declarada por el Congreso.<\/span><\/p>\n<p><span style=\"color: #000000;\">En tal sentido, se ha precisado la votaci\u00f3n requerida para la vacancia del jefe de Estado por las causales mencionadas.<\/span><\/p>\n<p><span style=\"color: #000000;\">Los dem\u00e1s consideraciones del art\u00edculo 113 de la Constituci\u00f3n se mantienen sin modificaci\u00f3n.<\/span><\/p>\n<p><span style=\"color: #000000;\">Los legisladores que votaron a favor de la propuesta de reforma son: Alejandra Aramayo, Miguel Torres, Milagros Takayama, Gladys Andrade, Mar\u00eda Melgarejo, Luz Salgado y Rosa Bartra de Fuerza Popular, V\u00edctor Andr\u00e9s Garc\u00eda Belaunde de Acci\u00f3n Popular, Mauricio Mulder del Apra y Luis Iberico de Alianza para el Progreso.<\/span><\/p>\n<p><span style=\"color: #000000;\">La propuesta de reforma constitucional est\u00e1 incluida en el dictamen del proyecto de ley 4185 el cual est\u00e1 orientado a promover la gobernabilidad y fortalecer la democracia.<\/span><\/p>\n","protected":false},"excerpt":{"rendered":"<p>La Comisi\u00f3n de Constituci\u00f3n aprob\u00f3, por unanimidad, modificar el art\u00edculo 113 de la Constituci\u00f3n Pol\u00edtica del Per\u00fa para precisar la permanente incapacidad moral del presidente de la Rep\u00fablica. Lima, 30 Mayo 2019, (ANDINA).- La Comisi\u00f3n de Constituci\u00f3n aprob\u00f3, por unanimidad, modificar el art\u00edculo 113 de la Constituci\u00f3n Pol\u00edtica del Per\u00fa para precisar que la permanente [&hellip;]<\/p>\n","protected":false},"author":1,"featured_media":36268,"comment_status":"open","ping_status":"open","sticky":false,"template":"","format":"standard","meta":{"rop_custom_images_group":[],"rop_custom_messages_group":[],"rop_publish_now":"initial","rop_publish_now_accounts":[],"rop_publish_now_history":[],"rop_publish_now_status":"pending","footnotes":""},"categories":[5],"tags":[192,1421,2013],"class_list":["post-50156","post","type-post","status-publish","format-standard","has-post-thumbnail","hentry","category-actualidad-informativa","tag-congreso","tag-poder-ejecutivo","tag-poder-legislativo"],"_links":{"self":[{"href":"https:\/\/elinformanteperu.com\/index.php\/wp-json\/wp\/v2\/posts\/50156","targetHints":{"allow":["GET"]}}],"collection":[{"href":"https:\/\/elinformanteperu.com\/index.php\/wp-json\/wp\/v2\/posts"}],"about":[{"href":"https:\/\/elinformanteperu.com\/index.php\/wp-json\/wp\/v2\/types\/post"}],"author":[{"embeddable":true,"href":"https:\/\/elinformanteperu.com\/index.php\/wp-json\/wp\/v2\/users\/1"}],"replies":[{"embeddable":true,"href":"https:\/\/elinformanteperu.com\/index.php\/wp-json\/wp\/v2\/comments?post=50156"}],"version-history":[{"count":1,"href":"https:\/\/elinformanteperu.com\/index.php\/wp-json\/wp\/v2\/posts\/50156\/revisions"}],"predecessor-version":[{"id":50157,"href":"https:\/\/elinformanteperu.com\/index.php\/wp-json\/wp\/v2\/posts\/50156\/revisions\/50157"}],"wp:featuredmedia":[{"embeddable":true,"href":"https:\/\/elinformanteperu.com\/index.php\/wp-json\/wp\/v2\/media\/36268"}],"wp:attachment":[{"href":"https:\/\/elinformanteperu.com\/index.php\/wp-json\/wp\/v2\/media?parent=50156"}],"wp:term":[{"taxonomy":"category","embeddable":true,"href":"https:\/\/elinformanteperu.com\/index.php\/wp-json\/wp\/v2\/categories?post=50156"},{"taxonomy":"post_tag","embeddable":true,"href":"https:\/\/elinformanteperu.com\/index.php\/wp-json\/wp\/v2\/tags?post=50156"}],"curies":[{"name":"wp","href":"https:\/\/api.w.org\/{rel}","templated":true}]}}