{"id":50153,"date":"2019-05-30T21:50:52","date_gmt":"2019-05-31T02:50:52","guid":{"rendered":"http:\/\/elinformanteperu.com\/?p=50153"},"modified":"2019-05-30T21:50:52","modified_gmt":"2019-05-31T02:50:52","slug":"mercedes-araoz-el-pais-necesita-al-ejecutivo-y-legislativo-trabajando-juntos","status":"publish","type":"post","link":"https:\/\/elinformanteperu.com\/index.php\/2019\/05\/30\/mercedes-araoz-el-pais-necesita-al-ejecutivo-y-legislativo-trabajando-juntos\/","title":{"rendered":"Mercedes Ar\u00e1oz: el pa\u00eds necesita al Ejecutivo y Legislativo trabajando juntos"},"content":{"rendered":"<p><strong><span style=\"color: #000000;\">La vicepresidenta de la Rep\u00fablica, Mercedes Ar\u00e1oz, manifest\u00f3 que el pa\u00eds necesita al Poder Ejecutivo y al Congreso de la Rep\u00fablica trabajando juntos a favor de la lucha contra la corrupci\u00f3n.<\/span><\/strong><\/p>\n<p><span style=\"color: #000000;\"><strong>Lima, 30 Mayo 2019, (ANDINA).-<\/strong> La vicepresidenta de la Rep\u00fablica, Mercedes Ar\u00e1oz, manifest\u00f3 que el pa\u00eds necesita al Poder Ejecutivo y al Congreso de la Rep\u00fablica trabajando juntos a favor de la lucha contra la corrupci\u00f3n y la reforma pol\u00edtica.<\/span><\/p>\n<p><span style=\"color: #000000;\">En ese sentido, esper\u00f3 que tanto el jefe del Gabinete, Salvador del Solar, y el ministro de Justicia y Derechos Humanos, Vicente Zeballos, puedan presentar los sustentos de las iniciativas que conforman el pedido de cuesti\u00f3n de confianza \u00aby se llegue a un nivel de di\u00e1logo\u00bb.<\/span><\/p>\n<p><span style=\"color: #000000;\">\u00abEl pa\u00eds necesita un Ejecutivo y un Legislativo trabajando por el pa\u00eds&#8230;, porque la lucha contra la corrupci\u00f3n no debe parar (el ex fiscal de la Naci\u00f3n Pedro), Ch\u00e1varry debe pasar por el antejuicio y la reforma pol\u00edtica es una herramienta para darle seguridad institucional al pa\u00eds\u00bb, afirm\u00f3.<\/span><\/p>\n<p><span style=\"color: #000000;\">En declaraciones a los medios de comunicaci\u00f3n sostuvo que la tranquilidad del pa\u00eds se basa en el di\u00e1logo y entender que las reformas planteadas por el Ejecutivo buscan darle soluciones al Per\u00fa, con la finalidad de tener unas buenas elecciones en el 2021 y mejores partidos pol\u00edticos.<\/span><\/p>\n<p><span style=\"color: #000000;\">Sobre la votaci\u00f3n en la Comisi\u00f3n Permanente que benefici\u00f3 al ex fiscal de la Naci\u00f3n Pedro Ch\u00e1varry, precis\u00f3 que dicho magistrado se merece un antejuicio y que por esta raz\u00f3n la bancada de Peruanos por el Kambio (PPK) vot\u00f3 para inhabilitarlo y as\u00ed su caso sea visto en el Ministerio P\u00fablico.<\/span><\/p>\n<p><span style=\"color: #000000;\">\u00abPero vimos que hubo votos que nos dejaron molestos, pues el informe de (Juan) Sheput era bueno, pero no se puede hacer cuesti\u00f3n de confianza con eso, da una se\u00f1al de que un grupo no quiere comprarse el pleito de la lucha contra la corrupci\u00f3n, que es una pol\u00edtica de Estado del presidente (Mart\u00edn) Vizcarra\u00bb, explic\u00f3.<\/span><\/p>\n<p><span style=\"color: #000000;\">Asimismo, coment\u00f3 que tambi\u00e9n vieron otros gestos de parte del Congreso como el de mandar sin el debate suficiente proyectos (como el levantamiento de la inmunidad parlamentaria) que son importantes para la reforma pol\u00edtica.<\/span><\/p>\n","protected":false},"excerpt":{"rendered":"<p>La vicepresidenta de la Rep\u00fablica, Mercedes Ar\u00e1oz, manifest\u00f3 que el pa\u00eds necesita al Poder Ejecutivo y al Congreso de la Rep\u00fablica trabajando juntos a favor de la lucha contra la corrupci\u00f3n. Lima, 30 Mayo 2019, (ANDINA).- La vicepresidenta de la Rep\u00fablica, Mercedes Ar\u00e1oz, manifest\u00f3 que el pa\u00eds necesita al Poder Ejecutivo y al Congreso de [&hellip;]<\/p>\n","protected":false},"author":1,"featured_media":50154,"comment_status":"open","ping_status":"open","sticky":false,"template":"","format":"standard","meta":{"rop_custom_images_group":[],"rop_custom_messages_group":[],"rop_publish_now":"initial","rop_publish_now_accounts":[],"rop_publish_now_history":[],"rop_publish_now_status":"pending","footnotes":""},"categories":[5],"tags":[4474,289,79],"class_list":["post-50153","post","type-post","status-publish","format-standard","has-post-thumbnail","hentry","category-actualidad-informativa","tag-cuestion-de-confianza","tag-martin-vizcarra","tag-mercedes-araoz"],"_links":{"self":[{"href":"https:\/\/elinformanteperu.com\/index.php\/wp-json\/wp\/v2\/posts\/50153","targetHints":{"allow":["GET"]}}],"collection":[{"href":"https:\/\/elinformanteperu.com\/index.php\/wp-json\/wp\/v2\/posts"}],"about":[{"href":"https:\/\/elinformanteperu.com\/index.php\/wp-json\/wp\/v2\/types\/post"}],"author":[{"embeddable":true,"href":"https:\/\/elinformanteperu.com\/index.php\/wp-json\/wp\/v2\/users\/1"}],"replies":[{"embeddable":true,"href":"https:\/\/elinformanteperu.com\/index.php\/wp-json\/wp\/v2\/comments?post=50153"}],"version-history":[{"count":1,"href":"https:\/\/elinformanteperu.com\/index.php\/wp-json\/wp\/v2\/posts\/50153\/revisions"}],"predecessor-version":[{"id":50155,"href":"https:\/\/elinformanteperu.com\/index.php\/wp-json\/wp\/v2\/posts\/50153\/revisions\/50155"}],"wp:featuredmedia":[{"embeddable":true,"href":"https:\/\/elinformanteperu.com\/index.php\/wp-json\/wp\/v2\/media\/50154"}],"wp:attachment":[{"href":"https:\/\/elinformanteperu.com\/index.php\/wp-json\/wp\/v2\/media?parent=50153"}],"wp:term":[{"taxonomy":"category","embeddable":true,"href":"https:\/\/elinformanteperu.com\/index.php\/wp-json\/wp\/v2\/categories?post=50153"},{"taxonomy":"post_tag","embeddable":true,"href":"https:\/\/elinformanteperu.com\/index.php\/wp-json\/wp\/v2\/tags?post=50153"}],"curies":[{"name":"wp","href":"https:\/\/api.w.org\/{rel}","templated":true}]}}