{"id":50150,"date":"2019-05-30T21:06:22","date_gmt":"2019-05-31T02:06:22","guid":{"rendered":"http:\/\/elinformanteperu.com\/?p=50150"},"modified":"2019-05-30T21:06:22","modified_gmt":"2019-05-31T02:06:22","slug":"presidente-vizcarra-unidos-vamos-a-sacar-la-reforma-politica-y-judicial","status":"publish","type":"post","link":"https:\/\/elinformanteperu.com\/index.php\/2019\/05\/30\/presidente-vizcarra-unidos-vamos-a-sacar-la-reforma-politica-y-judicial\/","title":{"rendered":"Presidente Vizcarra: \u00abUnidos vamos a sacar la reforma pol\u00edtica y judicial\u00bb"},"content":{"rendered":"<p><strong><span style=\"color: #000000;\">El Presidente de la Rep\u00fablica, Mart\u00edn Vizcarra, ratific\u00f3 el compromiso de su gobierno de sacar adelante la reforma pol\u00edtica y judicia.<\/span><\/strong><\/p>\n<p><span style=\"color: #000000;\"><strong>Lima, 30 Mayo 2019, (ANDINA).-<\/strong> El Presidente de la Rep\u00fablica, Mart\u00edn Vizcarra, ratific\u00f3 el compromiso de su gobierno de sacar adelante la reforma pol\u00edtica y judicial, al promulgar la norma que modifica la Ley 28687, a efectos de posibilitar la formalizaci\u00f3n de mercados p\u00fablicos de propiedad informal.<\/span><\/p>\n<p><span style=\"color: #000000;\">\u00abJuntos vamos a combatir la corrupci\u00f3n, unidos vamos a generar la propiedad que ustedes merecen (&#8230;). Y tambi\u00e9n unidos vamos a sacar la reforma pol\u00edtica y judicial que necesitamos para tener mejores instituciones\u00bb, manifest\u00f3, en ceremonia realizada en el Patio de Honor del Palacio de Gobierno.<\/span><\/p>\n<p><span style=\"color: #000000;\">El Jefe del Estado refiri\u00f3 que la norma promulgada beneficiar\u00e1 a m\u00e1s de dos millones de emprendedores que tienen una tienda en un centro de abastos, pero que no cuentan con el t\u00edtulo de propiedad.<\/span><\/p>\n<p><span style=\"color: #000000;\">Vizcarra reiter\u00f3 que el gobierno trabaja por mejorar el nivel de vida de los peruanos, lo cual pasa por lograr la formalizaci\u00f3n de la propiedad.<\/span><\/p>\n<p><span style=\"color: #000000;\">\u00abUstedes pueden competir con los grandes supermercados, lo \u00fanico que tiene que hacer el Estado en darles facilidades y herramientas para que haya una competencia de igual a igual\u00bb, expres\u00f3.<\/span><\/p>\n<p><span style=\"color: #000000;\">El Mandatario resalt\u00f3 que el 70 % de los emprendedores que trabajan en los mercados son mujeres, lo que, subray\u00f3, es una buena raz\u00f3n para darles todo el apoyo y tambi\u00e9n para combatir la violencia contra este sector de la poblaci\u00f3n.<\/span><\/p>\n<p><span style=\"color: #000000;\">Por \u00faltimo, hizo un llamado a la unidad para lograr los objetivos que el gobierno se ha trazado a fin de mejorar la calidad de vida de los peruanos.<\/span><\/p>\n<p><span style=\"color: #000000;\">Acompa\u00f1aron al Presidente la congresista Ana Mar\u00eda Choquehuanca, promotora de la norma, y el ministro de Vivienda, Miguel Estrada.<\/span><\/p>\n","protected":false},"excerpt":{"rendered":"<p>El Presidente de la Rep\u00fablica, Mart\u00edn Vizcarra, ratific\u00f3 el compromiso de su gobierno de sacar adelante la reforma pol\u00edtica y judicia. Lima, 30 Mayo 2019, (ANDINA).- El Presidente de la Rep\u00fablica, Mart\u00edn Vizcarra, ratific\u00f3 el compromiso de su gobierno de sacar adelante la reforma pol\u00edtica y judicial, al promulgar la norma que modifica la Ley [&hellip;]<\/p>\n","protected":false},"author":1,"featured_media":50151,"comment_status":"open","ping_status":"open","sticky":false,"template":"","format":"standard","meta":{"rop_custom_images_group":[],"rop_custom_messages_group":[],"rop_publish_now":"initial","rop_publish_now_accounts":[],"rop_publish_now_history":[],"rop_publish_now_status":"pending","footnotes":""},"categories":[5],"tags":[4474,289],"class_list":["post-50150","post","type-post","status-publish","format-standard","has-post-thumbnail","hentry","category-actualidad-informativa","tag-cuestion-de-confianza","tag-martin-vizcarra"],"_links":{"self":[{"href":"https:\/\/elinformanteperu.com\/index.php\/wp-json\/wp\/v2\/posts\/50150","targetHints":{"allow":["GET"]}}],"collection":[{"href":"https:\/\/elinformanteperu.com\/index.php\/wp-json\/wp\/v2\/posts"}],"about":[{"href":"https:\/\/elinformanteperu.com\/index.php\/wp-json\/wp\/v2\/types\/post"}],"author":[{"embeddable":true,"href":"https:\/\/elinformanteperu.com\/index.php\/wp-json\/wp\/v2\/users\/1"}],"replies":[{"embeddable":true,"href":"https:\/\/elinformanteperu.com\/index.php\/wp-json\/wp\/v2\/comments?post=50150"}],"version-history":[{"count":1,"href":"https:\/\/elinformanteperu.com\/index.php\/wp-json\/wp\/v2\/posts\/50150\/revisions"}],"predecessor-version":[{"id":50152,"href":"https:\/\/elinformanteperu.com\/index.php\/wp-json\/wp\/v2\/posts\/50150\/revisions\/50152"}],"wp:featuredmedia":[{"embeddable":true,"href":"https:\/\/elinformanteperu.com\/index.php\/wp-json\/wp\/v2\/media\/50151"}],"wp:attachment":[{"href":"https:\/\/elinformanteperu.com\/index.php\/wp-json\/wp\/v2\/media?parent=50150"}],"wp:term":[{"taxonomy":"category","embeddable":true,"href":"https:\/\/elinformanteperu.com\/index.php\/wp-json\/wp\/v2\/categories?post=50150"},{"taxonomy":"post_tag","embeddable":true,"href":"https:\/\/elinformanteperu.com\/index.php\/wp-json\/wp\/v2\/tags?post=50150"}],"curies":[{"name":"wp","href":"https:\/\/api.w.org\/{rel}","templated":true}]}}