{"id":50147,"date":"2019-05-30T21:02:15","date_gmt":"2019-05-31T02:02:15","guid":{"rendered":"http:\/\/elinformanteperu.com\/?p=50147"},"modified":"2019-05-30T21:02:15","modified_gmt":"2019-05-31T02:02:15","slug":"mesias-guevara-apoyamos-la-cuestion-de-confianza-por-conviccion","status":"publish","type":"post","link":"https:\/\/elinformanteperu.com\/index.php\/2019\/05\/30\/mesias-guevara-apoyamos-la-cuestion-de-confianza-por-conviccion\/","title":{"rendered":"Mes\u00edas Guevara: apoyamos la cuesti\u00f3n de confianza por convicci\u00f3n"},"content":{"rendered":"<p><strong><span style=\"color: #000000;\">El presidente de la Asamblea Nacional de Gobernadores Regionales (ANGR), Mes\u00edas Guevara, sostuvo que apoya la cuesti\u00f3n de confianza planteada por el Ejecutivo.<\/span><\/strong><\/p>\n<p><span style=\"color: #000000;\"><strong>Lima, 30 Mayo 2019, (ANDINA).-<\/strong> El presidente de la Asamblea Nacional de Gobernadores Regionales (ANGR), Mes\u00edas Guevara, sostuvo que apoya la cuesti\u00f3n de confianza planteada por el Ejecutivo por convicci\u00f3n y mencion\u00f3 que era una medida que hab\u00eda sido sugerida por las autoridades regionales.<\/span><\/p>\n<p><span style=\"color: #000000;\">En tal sentido, rechaz\u00f3 que los gobernadores regionales, quienes ayer acompa\u00f1aron al presidente Mart\u00edn Vizcarra en Palacio de Gobierno cuando anunci\u00f3 la cuesti\u00f3n de confianza, hayan sido utilizados o sorprendidos, tal como afirman algunos legisladores.<\/span><\/p>\n<p><span style=\"color: #000000;\">\u201cDesmentir categ\u00f3ricamente apreciaciones irresponsables de ciertos congresistas que en medios de comunicaci\u00f3n manifiestan que nosotros fuimos tra\u00eddos con enga\u00f1os a Palacio de Gobierno para respaldar esta medida\u201d, declar\u00f3 Guevara a la Agencia Andina.<\/span><\/p>\n<p><span style=\"color: #000000;\">El tambi\u00e9n excongresista de la Rep\u00fablica record\u00f3 que la ANGR ha emitido dos comunicados mediante los cuales inst\u00f3 a la aprobaci\u00f3n de la reforma pol\u00edtica planteada por el Gobierno.<\/span><\/p>\n<p><span style=\"color: #000000;\">Asimismo, dijo que los gobernadores ya hab\u00edan sugerido al Jefe del Estado invocar la cuesti\u00f3n de confianza ante el desempe\u00f1o de Parlamento, lo que, en su opini\u00f3n, ha llevado a una situaci\u00f3n insostenible.<\/span><\/p>\n<p><span style=\"color: #000000;\">Por ello, refiri\u00f3, las autoridades regionales, que participaban ayer en una reuni\u00f3n en la casa de gobierno, decidieron acompa\u00f1ar al Mandatario cuando este les comunic\u00f3 la determinaci\u00f3n que se hab\u00eda tomado.<\/span><\/p>\n<p><span style=\"color: #000000;\">En cuanto a la respuesta del Parlamento respecto a la iniciativa del Ejecutivo, Guevara estim\u00f3 que los legisladores otorgar\u00e1n el voto de confianza, pero, en todo caso, indic\u00f3 que la resoluci\u00f3n que tomen ser\u00e1 de su entera responsabilidad.<\/span><\/p>\n<p><span style=\"color: #000000;\">\u201cComo siempre, este Congreso genuflexo, lleno de personas interesadas, va a apoyar (\u2026), creo que al final torcer\u00e1n su brazo y van a aceptar la propuesta del Ejecutivo. Y si se cierra el Parlamento, pues ser\u00e1 \u00fanica y exclusivamente responsabilidad de los parlamentarios\u201d, expres\u00f3.<\/span><\/p>\n","protected":false},"excerpt":{"rendered":"<p>El presidente de la Asamblea Nacional de Gobernadores Regionales (ANGR), Mes\u00edas Guevara, sostuvo que apoya la cuesti\u00f3n de confianza planteada por el Ejecutivo. Lima, 30 Mayo 2019, (ANDINA).- El presidente de la Asamblea Nacional de Gobernadores Regionales (ANGR), Mes\u00edas Guevara, sostuvo que apoya la cuesti\u00f3n de confianza planteada por el Ejecutivo por convicci\u00f3n y mencion\u00f3 [&hellip;]<\/p>\n","protected":false},"author":1,"featured_media":50148,"comment_status":"open","ping_status":"open","sticky":false,"template":"","format":"standard","meta":{"rop_custom_images_group":[],"rop_custom_messages_group":[],"rop_publish_now":"initial","rop_publish_now_accounts":[],"rop_publish_now_history":[],"rop_publish_now_status":"pending","footnotes":""},"categories":[5],"tags":[4071,4474,289,3942],"class_list":["post-50147","post","type-post","status-publish","format-standard","has-post-thumbnail","hentry","category-actualidad-informativa","tag-angr","tag-cuestion-de-confianza","tag-martin-vizcarra","tag-mesias-guevara"],"_links":{"self":[{"href":"https:\/\/elinformanteperu.com\/index.php\/wp-json\/wp\/v2\/posts\/50147","targetHints":{"allow":["GET"]}}],"collection":[{"href":"https:\/\/elinformanteperu.com\/index.php\/wp-json\/wp\/v2\/posts"}],"about":[{"href":"https:\/\/elinformanteperu.com\/index.php\/wp-json\/wp\/v2\/types\/post"}],"author":[{"embeddable":true,"href":"https:\/\/elinformanteperu.com\/index.php\/wp-json\/wp\/v2\/users\/1"}],"replies":[{"embeddable":true,"href":"https:\/\/elinformanteperu.com\/index.php\/wp-json\/wp\/v2\/comments?post=50147"}],"version-history":[{"count":1,"href":"https:\/\/elinformanteperu.com\/index.php\/wp-json\/wp\/v2\/posts\/50147\/revisions"}],"predecessor-version":[{"id":50149,"href":"https:\/\/elinformanteperu.com\/index.php\/wp-json\/wp\/v2\/posts\/50147\/revisions\/50149"}],"wp:featuredmedia":[{"embeddable":true,"href":"https:\/\/elinformanteperu.com\/index.php\/wp-json\/wp\/v2\/media\/50148"}],"wp:attachment":[{"href":"https:\/\/elinformanteperu.com\/index.php\/wp-json\/wp\/v2\/media?parent=50147"}],"wp:term":[{"taxonomy":"category","embeddable":true,"href":"https:\/\/elinformanteperu.com\/index.php\/wp-json\/wp\/v2\/categories?post=50147"},{"taxonomy":"post_tag","embeddable":true,"href":"https:\/\/elinformanteperu.com\/index.php\/wp-json\/wp\/v2\/tags?post=50147"}],"curies":[{"name":"wp","href":"https:\/\/api.w.org\/{rel}","templated":true}]}}