{"id":50144,"date":"2019-05-30T20:59:11","date_gmt":"2019-05-31T01:59:11","guid":{"rendered":"http:\/\/elinformanteperu.com\/?p=50144"},"modified":"2019-05-30T20:59:11","modified_gmt":"2019-05-31T01:59:11","slug":"cuestion-de-confianza-busca-apuntalar-reformas-afirma-zeballos","status":"publish","type":"post","link":"https:\/\/elinformanteperu.com\/index.php\/2019\/05\/30\/cuestion-de-confianza-busca-apuntalar-reformas-afirma-zeballos\/","title":{"rendered":"Cuesti\u00f3n de confianza busca apuntalar reformas, afirma Zeballos"},"content":{"rendered":"<p><strong><span style=\"color: #000000;\">El ministro de Justicia, Vicente Zeballos, afirm\u00f3 que la presentaci\u00f3n de una cuesti\u00f3n de confianza al Congreso, respecto a las pol\u00edticas de Estado de fortalecimiento institucional y lucha contra la corrupci\u00f3n.<\/span><\/strong><\/p>\n<p><span style=\"color: #000000;\"><strong>Lima, 30 Mayo 2019, (ANDINA).-<\/strong> El ministro de Justicia y Derechos Humanos, Vicente Zeballos, afirm\u00f3 que la presentaci\u00f3n de una cuesti\u00f3n de confianza al Congreso, respecto a las pol\u00edticas de Estado de fortalecimiento institucional y lucha contra la corrupci\u00f3n, tiene la finalidad de apuntalar las reformas necesarias para el pa\u00eds.<\/span><\/p>\n<p><span style=\"color: #000000;\">Indic\u00f3 que los constantes desplantes y postergaciones a la reforma pol\u00edtica, por parte del Parlamento; as\u00ed como el blindaje a favor del ex fiscal de la Naci\u00f3n Pedro Ch\u00e1varry, puso en alerta el Poder Ejecutivo para tomar una decisi\u00f3n apegada al orden constitucional a trav\u00e9s de un mecanismo legal establecido en las normas.<\/span><\/p>\n<p><span style=\"color: #000000;\">\u00ab(Con la presentaci\u00f3n de la cuesti\u00f3n de confianza) Se quiere apuntalar las reformas. Queremos apuntalar las reformas, pero tambi\u00e9n buscamos un prop\u00f3sito de correcci\u00f3n y compromiso con el pa\u00eds de parte del Congreso de la Rep\u00fablica\u00bb, manifest\u00f3.<\/span><\/p>\n<p><span style=\"color: #000000;\">Zeballos explic\u00f3 que el presidente Mart\u00edn Vizcarra, durante su Mensaje a la Naci\u00f3n, inst\u00f3 al Congreso a \u00abno vulnerar la esencia de los proyectos\u00bb presentados y que \u00abse mantengan las l\u00edneas conductoras de la propuesta\u00bb.<\/span><\/p>\n<p><span style=\"color: #000000;\">En la v\u00edspera, el Mandatario anunci\u00f3 que las iniciativas plantean cambios a la inmunidad parlamentaria, impedir a los sentenciados ser candidatos, permitir a la poblaci\u00f3n participar en la selecci\u00f3n de candidatos en elecciones internas, eliminar el voto preferencial, garantizar la participaci\u00f3n pol\u00edtica de las mujeres con paridad y alternancia, as\u00ed como prohibir el \u00abdinero sucio\u00bb en campa\u00f1a.<\/span><\/p>\n<p><span style=\"color: #000000;\">Sobre el caso de la inmunidad parlamentaria asegur\u00f3 que existen hasta tres opciones para que lo vean, el Congreso, el Poder Judicial y el Tribunal Constitucional, siendo que existir\u00eda un plazo conminatorio de 60 d\u00edas para que se apruebe en el Legislativo, si no entrar\u00eda una segunda opci\u00f3n.<\/span><\/p>\n<p><span style=\"color: #000000;\">\u00abEstamos preparando una propuesta, esto ser\u00eda un avance; pero no quiero adelantarme al proyecto que presentar\u00e1 el jefe del Gabinete, Salvador del Solar\u00bb, se\u00f1al\u00f3 en RPP.<\/span><\/p>\n<p><span style=\"color: #000000;\">Asimismo, explic\u00f3 que el Mandatario hizo una exhortaci\u00f3n al Congreso para que reconsidere la decisi\u00f3n tomada en el caso del ex fiscal de la Naci\u00f3n Pedro Ch\u00e1varry; aunque dijo que a\u00fan falta una instancia que es el pleno del Parlamento.<\/span><\/p>\n<p><span style=\"color: #000000;\">Sostuvo que le parec\u00eda extra\u00f1a la actitud de Fuerza Popular en la Comisi\u00f3n Permanente, puesto que en la Subcomisi\u00f3n de Acusaciones Constitucionales apoy\u00f3 el informe final presentado por Juan Sheput, pero su posterior votaci\u00f3n demuestra que existe un Congreso \u00abque no est\u00e1 en actitud de poder cambiar o corregirse\u00bb.<\/span><\/p>\n","protected":false},"excerpt":{"rendered":"<p>El ministro de Justicia, Vicente Zeballos, afirm\u00f3 que la presentaci\u00f3n de una cuesti\u00f3n de confianza al Congreso, respecto a las pol\u00edticas de Estado de fortalecimiento institucional y lucha contra la corrupci\u00f3n. Lima, 30 Mayo 2019, (ANDINA).- El ministro de Justicia y Derechos Humanos, Vicente Zeballos, afirm\u00f3 que la presentaci\u00f3n de una cuesti\u00f3n de confianza al [&hellip;]<\/p>\n","protected":false},"author":1,"featured_media":50145,"comment_status":"open","ping_status":"open","sticky":false,"template":"","format":"standard","meta":{"rop_custom_images_group":[],"rop_custom_messages_group":[],"rop_publish_now":"initial","rop_publish_now_accounts":[],"rop_publish_now_history":[],"rop_publish_now_status":"pending","footnotes":""},"categories":[5],"tags":[166,2396,477],"class_list":["post-50144","post","type-post","status-publish","format-standard","has-post-thumbnail","hentry","category-actualidad-informativa","tag-ministerio-de-justicia","tag-minjus","tag-vicente-zeballos"],"_links":{"self":[{"href":"https:\/\/elinformanteperu.com\/index.php\/wp-json\/wp\/v2\/posts\/50144","targetHints":{"allow":["GET"]}}],"collection":[{"href":"https:\/\/elinformanteperu.com\/index.php\/wp-json\/wp\/v2\/posts"}],"about":[{"href":"https:\/\/elinformanteperu.com\/index.php\/wp-json\/wp\/v2\/types\/post"}],"author":[{"embeddable":true,"href":"https:\/\/elinformanteperu.com\/index.php\/wp-json\/wp\/v2\/users\/1"}],"replies":[{"embeddable":true,"href":"https:\/\/elinformanteperu.com\/index.php\/wp-json\/wp\/v2\/comments?post=50144"}],"version-history":[{"count":1,"href":"https:\/\/elinformanteperu.com\/index.php\/wp-json\/wp\/v2\/posts\/50144\/revisions"}],"predecessor-version":[{"id":50146,"href":"https:\/\/elinformanteperu.com\/index.php\/wp-json\/wp\/v2\/posts\/50144\/revisions\/50146"}],"wp:featuredmedia":[{"embeddable":true,"href":"https:\/\/elinformanteperu.com\/index.php\/wp-json\/wp\/v2\/media\/50145"}],"wp:attachment":[{"href":"https:\/\/elinformanteperu.com\/index.php\/wp-json\/wp\/v2\/media?parent=50144"}],"wp:term":[{"taxonomy":"category","embeddable":true,"href":"https:\/\/elinformanteperu.com\/index.php\/wp-json\/wp\/v2\/categories?post=50144"},{"taxonomy":"post_tag","embeddable":true,"href":"https:\/\/elinformanteperu.com\/index.php\/wp-json\/wp\/v2\/tags?post=50144"}],"curies":[{"name":"wp","href":"https:\/\/api.w.org\/{rel}","templated":true}]}}