{"id":50142,"date":"2019-05-30T20:54:51","date_gmt":"2019-05-31T01:54:51","guid":{"rendered":"http:\/\/elinformanteperu.com\/?p=50142"},"modified":"2019-05-30T20:54:51","modified_gmt":"2019-05-31T01:54:51","slug":"vale-la-pena-fumar-4-especialistas-te-cuentan-los-multiples-riesgos-del-tabaquismo","status":"publish","type":"post","link":"https:\/\/elinformanteperu.com\/index.php\/2019\/05\/30\/vale-la-pena-fumar-4-especialistas-te-cuentan-los-multiples-riesgos-del-tabaquismo\/","title":{"rendered":"\u00bfVale la pena fumar?: 4 especialistas te cuentan los m\u00faltiples riesgos del tabaquismo"},"content":{"rendered":"<p><strong><span style=\"color: #000000;\">No solo c\u00e1ncer de pulm\u00f3n. El tabaco tambi\u00e9n desencadena c\u00e1ncer de lengua, es\u00f3fago, laringe, est\u00f3mago, vejiga, p\u00e1ncreas, cuello uterino, mama, adem\u00e1s de problemas cardiacos y respiratorios.<\/span><\/strong><\/p>\n<p><span style=\"color: #000000;\"><strong>Lima, 30 Mayo 2019, (El Informante Per\u00fa).-<\/strong> Cada a\u00f1o en el Per\u00fa mueren 16 mil personas por enfermedades relacionadas al tabaquismo, siendo la m\u00e1s frecuente el c\u00e1ncer de pulm\u00f3n (el 3er tipo de c\u00e1ncer m\u00e1s recurrente en los peruanos), seg\u00fan el Ministerio de Salud (Minsa). Sin embargo, no es la \u00fanica enfermedad a la que est\u00e1n expuestos los fumadores, y los no fumadores tambi\u00e9n.<\/span><\/p>\n<p><span style=\"color: #000000;\">El Dr. Oliver R\u00faa Fern\u00e1ndez, m\u00e9dico onc\u00f3logo de Aliada, afirma que adem\u00e1s de las t\u00edpicas enfermedades neumol\u00f3gicas (como enfisema, asma, bronquiectasias y neumon\u00edas), al h\u00e1bito de fumar tambi\u00e9n se le atribuye neoplasias de cabeza y cuello: c\u00e1ncer de lengua, es\u00f3fago, laringe y paladar, as\u00ed como de mama, vejiga, p\u00e1ncreas y de cuello uterino.<\/span><\/p>\n<p><span style=\"color: #000000;\">Las consecuencias de fumar, tambi\u00e9n se presentan a nivel nutricional, seg\u00fan afirma la Dra. M\u00f3nica Bamonde, nutricionista de la Cl\u00ednica San Felipe; disminuye la percepci\u00f3n de sabores y olores, puede producir carencias nutritivas, incrementar las necesidades de vitaminas y, aumentar la acidez estomacal que podr\u00eda originar complicaciones del sistema digestivo.<\/span><\/p>\n<p><span style=\"color: #000000;\">\u201cAunque los fumadores son los m\u00e1s propensos a sufrir dichas enfermedades, tambi\u00e9n los que inhalan el humo indirectamente (fumadores pasivos) corren el mismo riesgo, por lo que este h\u00e1bito puede afectar la salud de toda la familia \u201c, comenta la Dra. Ana Ramos, Directora M\u00e9dica Corporativa de Pac\u00edfico Seguros.<\/span><\/p>\n<p><span style=\"color: #000000;\">Ruth Kristal, psic\u00f3loga de SANNA Cl\u00ednica San Borja, comenta que si una persona es fumadora puede ocasionar que sus familiares y amigos est\u00e1n permanentemente preocupados, anticipando la posibilidad de una futura enfermedad irreversible, al ser conscientes de los riesgos a los que se expone el fumador. \u201cEso les suscita ansiedad, angustia, rabia y frustraci\u00f3n, porque su ser querido no es capaz de dejar de fumar en nombre del amor que le tienen. Todo ello genera cierto nivel de resentimiento que puede ir en aumento y perjudicar las relaciones interpersonales\u201d.<\/span><\/p>\n<p><strong><span style=\"color: #000000;\">Si dejar de fumar es dif\u00edcil \u00bfc\u00f3mo puedo lograrlo?<\/span><\/strong><\/p>\n<p><img fetchpriority=\"high\" decoding=\"async\" class=\"aligncenter size-full wp-image-49817\" src=\"http:\/\/elinformanteperu.com\/wp-content\/uploads\/2019\/05\/fumar2.jpg\" alt=\"\" width=\"771\" height=\"512\" srcset=\"https:\/\/elinformanteperu.com\/wp-content\/uploads\/2019\/05\/fumar2.jpg 771w, https:\/\/elinformanteperu.com\/wp-content\/uploads\/2019\/05\/fumar2-300x199.jpg 300w, https:\/\/elinformanteperu.com\/wp-content\/uploads\/2019\/05\/fumar2-768x510.jpg 768w, https:\/\/elinformanteperu.com\/wp-content\/uploads\/2019\/05\/fumar2-128x85.jpg 128w, https:\/\/elinformanteperu.com\/wp-content\/uploads\/2019\/05\/fumar2-32x21.jpg 32w\" sizes=\"(max-width: 771px) 100vw, 771px\" \/><\/p>\n<p><span style=\"color: #000000;\">Muchas veces posponemos la decisi\u00f3n de dejar el cigarrillo, o recaemos, por los s\u00edntomas de la abstinencia (gran inquietud, intensa excitaci\u00f3n, inseguridad y angustia) y el miedo a subir peso. Sin embargo, seg\u00fan la nutricionista Bamonde, podemos mitigar estos problemas realizando actividades para canalizar dicha ansiedad (yoga, danza, dormir, etc.) y tener a la mano alimentos saludables (frutos secos, canchita sin aceite, fruta, etc.).<\/span><\/p>\n<p><span style=\"color: #000000;\">Adem\u00e1s, no todo est\u00e1 perdido en tu salud, ya que \u201csi bien el da\u00f1o que deja el humo del tabaco en el pulm\u00f3n es muchas veces irreparable, con el paso del tiempo dejar de fumar disminuye el riesgo de padecer enfermedades\u201d, se\u00f1ala el Dr. R\u00faa Fern\u00e1ndez.<\/span><\/p>\n<p><span style=\"color: #000000;\">Seg\u00fan la psic\u00f3loga Kristal, todo parte desde la determinaci\u00f3n y la fuerza de voluntad. \u201cMuchas personas dicen no estar dispuestas a dejar de fumar o creen que no lo podr\u00e1n hacer, y abandonan su prop\u00f3sito. Sin embargo, todo empieza con un cambio de actitud y conducta frente a una situaci\u00f3n extrema, que lleva a dejar de fumar, al tomar conciencia de los efectos indeseables que comprometan la salud\u201d.<\/span><\/p>\n<p><span style=\"color: #000000;\">Y como complemento, debemos contar con un respaldo m\u00e9dico para nosotros y nuestra familia, en especial al momento de lidiar con una enfermedad tan compleja como lo es el c\u00e1ncer, si acaso llegara a aparecer.<\/span><\/p>\n<p><span style=\"color: #000000;\">\u201cLos seguros oncol\u00f3gicos ofrecen coberturas enfocadas en prevenir y tratar esta enfermedad, brindando acceso a cl\u00ednicas especializadas (a nivel nacional y\/o internacional). Por otro lado, si eres empresario y temes que el tratamiento no te deje trabajar y afecte tu emprendimiento, puedes optar por un microseguro indemnizatorio que te ofrece una suma que puedes usar en el mantenimiento de tu familia o negocio, complementando al seguro oncol\u00f3gico que se encargar\u00e1 de cubrir los gastos de tu tratamiento\u201d, explica la Dra. Ramos.<\/span><\/p>\n<p><span style=\"color: #000000;\">Para finalizar, debemos recordar que adem\u00e1s de generarnos problemas econ\u00f3micos (s\u00f3lo el costo anual por tratamientos pueden superar los S\/ 200 mil), la p\u00e9rdida m\u00e1s importante que nos puede generar el tabaco es la que sufrir\u00e1 nuestra familia. Por ello, el mejor momento para dejar el cigarrillo es ahora.<\/span><\/p>\n","protected":false},"excerpt":{"rendered":"<p>No solo c\u00e1ncer de pulm\u00f3n. El tabaco tambi\u00e9n desencadena c\u00e1ncer de lengua, es\u00f3fago, laringe, est\u00f3mago, vejiga, p\u00e1ncreas, cuello uterino, mama, adem\u00e1s de problemas cardiacos y respiratorios. Lima, 30 Mayo 2019, (El Informante Per\u00fa).- Cada a\u00f1o en el Per\u00fa mueren 16 mil personas por enfermedades relacionadas al tabaquismo, siendo la m\u00e1s frecuente el c\u00e1ncer de pulm\u00f3n [&hellip;]<\/p>\n","protected":false},"author":1,"featured_media":10954,"comment_status":"open","ping_status":"open","sticky":false,"template":"","format":"standard","meta":{"rop_custom_images_group":[],"rop_custom_messages_group":[],"rop_publish_now":"initial","rop_publish_now_accounts":[],"rop_publish_now_history":[],"rop_publish_now_status":"pending","footnotes":""},"categories":[10],"tags":[4487,431,1472],"class_list":["post-50142","post","type-post","status-publish","format-standard","has-post-thumbnail","hentry","category-actualidad-municipal","tag-clinica-san-felipe","tag-minsa","tag-red-de-clinicas-sanna"],"_links":{"self":[{"href":"https:\/\/elinformanteperu.com\/index.php\/wp-json\/wp\/v2\/posts\/50142","targetHints":{"allow":["GET"]}}],"collection":[{"href":"https:\/\/elinformanteperu.com\/index.php\/wp-json\/wp\/v2\/posts"}],"about":[{"href":"https:\/\/elinformanteperu.com\/index.php\/wp-json\/wp\/v2\/types\/post"}],"author":[{"embeddable":true,"href":"https:\/\/elinformanteperu.com\/index.php\/wp-json\/wp\/v2\/users\/1"}],"replies":[{"embeddable":true,"href":"https:\/\/elinformanteperu.com\/index.php\/wp-json\/wp\/v2\/comments?post=50142"}],"version-history":[{"count":1,"href":"https:\/\/elinformanteperu.com\/index.php\/wp-json\/wp\/v2\/posts\/50142\/revisions"}],"predecessor-version":[{"id":50143,"href":"https:\/\/elinformanteperu.com\/index.php\/wp-json\/wp\/v2\/posts\/50142\/revisions\/50143"}],"wp:featuredmedia":[{"embeddable":true,"href":"https:\/\/elinformanteperu.com\/index.php\/wp-json\/wp\/v2\/media\/10954"}],"wp:attachment":[{"href":"https:\/\/elinformanteperu.com\/index.php\/wp-json\/wp\/v2\/media?parent=50142"}],"wp:term":[{"taxonomy":"category","embeddable":true,"href":"https:\/\/elinformanteperu.com\/index.php\/wp-json\/wp\/v2\/categories?post=50142"},{"taxonomy":"post_tag","embeddable":true,"href":"https:\/\/elinformanteperu.com\/index.php\/wp-json\/wp\/v2\/tags?post=50142"}],"curies":[{"name":"wp","href":"https:\/\/api.w.org\/{rel}","templated":true}]}}