{"id":50124,"date":"2019-05-30T20:03:15","date_gmt":"2019-05-31T01:03:15","guid":{"rendered":"http:\/\/elinformanteperu.com\/?p=50124"},"modified":"2019-05-30T20:03:15","modified_gmt":"2019-05-31T01:03:15","slug":"cigarrillo-electronico-incrementa-cuatro-veces-la-adiccion-al-tabaco-convencional","status":"publish","type":"post","link":"https:\/\/elinformanteperu.com\/index.php\/2019\/05\/30\/cigarrillo-electronico-incrementa-cuatro-veces-la-adiccion-al-tabaco-convencional\/","title":{"rendered":"Cigarrillo electr\u00f3nico incrementa cuatro veces la adicci\u00f3n al tabaco convencional"},"content":{"rendered":"<p><strong><span style=\"color: #000000;\">El uso del cigarrillo electr\u00f3nico incrementa cuatro veces las probabilidades del consumo de otros productos de tabaco.<\/span><\/strong><\/p>\n<p><span style=\"color: #000000;\"><strong>Lima, 30 Mayo 2019, (ANDINA).-<\/strong> El uso del cigarrillo electr\u00f3nico incrementa cuatro veces las probabilidades del consumo de otros productos de tabaco, alert\u00f3 Alexandro Saco Valdivia, director de Promoci\u00f3n de la Salud del Ministerio de Salud (Minsa).<\/span><\/p>\n<p><span style=\"color: #000000;\">Dijo que, si se permite el comercio de este tipo de productos en el Per\u00fa, cada vez ser\u00e1 mayor el n\u00famero de personas j\u00f3venes que se iniciar\u00e1 en el uso de cigarrillos electr\u00f3nicos, para luego pasar al consumo de productos de tabaco convencional.<\/span><\/p>\n<p><span style=\"color: #000000;\">\u201cLos cigarrillos electr\u00f3nicos son una nueva fuente de nicotina, sustancia que es altamente adictiva y que tiene efecto nocivo a la salud. Aunque existen cigarrillos sin nicotina, un an\u00e1lisis de la composici\u00f3n de estos productos en Estados Unidos, demostr\u00f3 contenidos altos en productos etiquetados como libres de nicotina\u201d, manifest\u00f3 Saco.<\/span><\/p>\n<p><span style=\"color: #000000;\">Por su estructura, hay riesgos inherentes al dispositivo, a su contenido y al vapor que emana al calentarse. Aunque existen dispositivos electr\u00f3nicos sin nicotina, existen da\u00f1os a la salud asociado a los vapores por otros componentes qu\u00edmicos.<\/span><\/p>\n<p><span style=\"color: #000000;\">Adem\u00e1s, existe riesgo a la salud por consumo pasivo para las personas que est\u00e1n alrededor de los consumidores del cigarrillo electr\u00f3nico, ya sea por los vapores o contacto con el l\u00edquido que contiene este dispositivo.<\/span><\/p>\n<p><span style=\"color: #000000;\">Por otra parte, Edgard Bellido Riquelme, de la Direcci\u00f3n de Promoci\u00f3n de la Salud del Minsa, inform\u00f3 que dicho portafolio ya tiene la propuesta del Decreto Supremo para prohibir la exportaci\u00f3n, comercializaci\u00f3n e importaci\u00f3n de todos los productos nuevos de tabaco conocidos como los cigarrillos electr\u00f3nicos y los productos de tabaco calentado.<\/span><\/p>\n<p><span style=\"color: #000000;\">Expres\u00f3 que los \u00faltimos estudios han demostrado que en el Per\u00fa el 22 % de j\u00f3venes mayores de 20 a\u00f1os ya han tenido contacto con estos productos de tabaco.<\/span><\/p>\n","protected":false},"excerpt":{"rendered":"<p>El uso del cigarrillo electr\u00f3nico incrementa cuatro veces las probabilidades del consumo de otros productos de tabaco. Lima, 30 Mayo 2019, (ANDINA).- El uso del cigarrillo electr\u00f3nico incrementa cuatro veces las probabilidades del consumo de otros productos de tabaco, alert\u00f3 Alexandro Saco Valdivia, director de Promoci\u00f3n de la Salud del Ministerio de Salud (Minsa). Dijo [&hellip;]<\/p>\n","protected":false},"author":1,"featured_media":50125,"comment_status":"open","ping_status":"open","sticky":false,"template":"","format":"standard","meta":{"rop_custom_images_group":[],"rop_custom_messages_group":[],"rop_publish_now":"initial","rop_publish_now_accounts":[],"rop_publish_now_history":[],"rop_publish_now_status":"pending","footnotes":""},"categories":[10],"tags":[4486,388,431],"class_list":["post-50124","post","type-post","status-publish","format-standard","has-post-thumbnail","hentry","category-actualidad-municipal","tag-alexandro-saco-valdivia","tag-ministerio-de-salud","tag-minsa"],"_links":{"self":[{"href":"https:\/\/elinformanteperu.com\/index.php\/wp-json\/wp\/v2\/posts\/50124","targetHints":{"allow":["GET"]}}],"collection":[{"href":"https:\/\/elinformanteperu.com\/index.php\/wp-json\/wp\/v2\/posts"}],"about":[{"href":"https:\/\/elinformanteperu.com\/index.php\/wp-json\/wp\/v2\/types\/post"}],"author":[{"embeddable":true,"href":"https:\/\/elinformanteperu.com\/index.php\/wp-json\/wp\/v2\/users\/1"}],"replies":[{"embeddable":true,"href":"https:\/\/elinformanteperu.com\/index.php\/wp-json\/wp\/v2\/comments?post=50124"}],"version-history":[{"count":1,"href":"https:\/\/elinformanteperu.com\/index.php\/wp-json\/wp\/v2\/posts\/50124\/revisions"}],"predecessor-version":[{"id":50126,"href":"https:\/\/elinformanteperu.com\/index.php\/wp-json\/wp\/v2\/posts\/50124\/revisions\/50126"}],"wp:featuredmedia":[{"embeddable":true,"href":"https:\/\/elinformanteperu.com\/index.php\/wp-json\/wp\/v2\/media\/50125"}],"wp:attachment":[{"href":"https:\/\/elinformanteperu.com\/index.php\/wp-json\/wp\/v2\/media?parent=50124"}],"wp:term":[{"taxonomy":"category","embeddable":true,"href":"https:\/\/elinformanteperu.com\/index.php\/wp-json\/wp\/v2\/categories?post=50124"},{"taxonomy":"post_tag","embeddable":true,"href":"https:\/\/elinformanteperu.com\/index.php\/wp-json\/wp\/v2\/tags?post=50124"}],"curies":[{"name":"wp","href":"https:\/\/api.w.org\/{rel}","templated":true}]}}