{"id":50121,"date":"2019-05-30T20:00:17","date_gmt":"2019-05-31T01:00:17","guid":{"rendered":"http:\/\/elinformanteperu.com\/?p=50121"},"modified":"2019-05-30T20:00:17","modified_gmt":"2019-05-31T01:00:17","slug":"telesup-se-pronuncia-tras-conocerse-que-sunedu-le-nego-licenciamiento","status":"publish","type":"post","link":"https:\/\/elinformanteperu.com\/index.php\/2019\/05\/30\/telesup-se-pronuncia-tras-conocerse-que-sunedu-le-nego-licenciamiento\/","title":{"rendered":"Telesup se pronuncia tras conocerse que Sunedu le neg\u00f3 licenciamiento"},"content":{"rendered":"<p><strong><span style=\"color: #000000;\">Tras conocer que la Sunedu le neg\u00f3 el licenciamiento institucional, la Universidad Privada Telesup inform\u00f3 que acudir\u00e1 a las instancias correspondientes para hacer valer sus derechos.<\/span><\/strong><\/p>\n<p><span style=\"color: #000000;\"><strong>Lima, 30 Mayo 2019, (ANDINA).-<\/strong> Tras conocer que la Sunedu le neg\u00f3 el licenciamiento institucional, la Universidad Privada Telesup inform\u00f3 que acudir\u00e1 a las instancias correspondientes para hacer valer sus derechos en defensa de sus casi 20,000 estudiantes.<\/span><\/p>\n<p><span style=\"color: #000000;\">En un comunicado difundido esta ma\u00f1ana, dicha casa superior de estudios dijo que la resoluci\u00f3n emitida por la Sunedu, y que hoy ha sido publicada en las Normas Legales de El Peruano, \u00abno tiene car\u00e1cter definitivo\u00bb.<\/span><\/p>\n<p><span style=\"color: #000000;\">Se\u00f1al\u00f3 que de la lectura del informe t\u00e9cnico de la Sunedu se pueden advertir graves afectaciones a preceptos legales, a la garant\u00eda constitucional del debido proceso y a la presunci\u00f3n de veracidad, contrariando el ordenamiento jur\u00eddico.<\/span><\/p>\n<p><span style=\"color: #000000;\">\u00abDel 6 al 24 de mayo del a\u00f1o en curso nuestra universidad present\u00f3 documentaci\u00f3n que acredita el cumplimiento de su plan de adecuaci\u00f3n, la misma que no ha sido valorada por la Sunedu\u00bb.<\/span><\/p>\n<p><span style=\"color: #000000;\">\u00abPor lo tanto -contin\u00faa la nota-, expresamos nuestro desacuerdo por el trato discriminatorio\u00bb que se estar\u00eda dando a Telesup, toda vez que a algunas universidades se les concede plazos mayores a tres a\u00f1os para adecuarse a la nueva Ley Universitaria, mientras que \u00aba nuestra instituci\u00f3n se le dio poco m\u00e1s de a\u00f1o y medio\u00bb.<\/span><\/p>\n<p><span style=\"color: #000000;\">En di\u00e1logo con la Agencia Andina, el rector Luis Alberto Col\u00e1n Villegas y el vicerrector F\u00e9lix Murillo comentaron que la decisi\u00f3n de la Sunedu \u00abha sido injusta\u00bb y que en 15 d\u00edas presentar\u00e1n una reconsideraci\u00f3n a fin de que se revoque la medida.<\/span><\/p>\n<p><span style=\"color: #000000;\">\u00abNosotros ofrecemos educaci\u00f3n a los sectores socioecon\u00f3micos C, D y E, la universidad apuesta por los que menos tienen e incluso ha dado becas integrales a j\u00f3venes en situaci\u00f3n de mucha pobreza\u00bb, dijo Col\u00e1n Villegas.<\/span><\/p>\n<p><span style=\"color: #000000;\">Por su parte, F\u00e9lix Murillo dijo tener en sus manos un documento en el cual se informa que 20 universidades nacionales y particulares han tenido procesos de levantamiento de observaciones que duran de 800 a 1,000 d\u00edas, \u00abmientras que a Telesup solo se le dieron 560 d\u00edas\u00bb.<\/span><\/p>\n<p><span style=\"color: #000000;\">\u00abNo es cierto que no tengamos ninguna de las condiciones b\u00e1sicas de calidad exigidas por la Ley Universitaria. Si nos aceptan la reconsideraci\u00f3n, eso lo vamos a demostrar cuantitativamente a los estudiantes y a los padres de familia\u00bb.<\/span><\/p>\n<p><span style=\"color: #000000;\">Ambos pidieron al alumnado tener tranquilidad porque las clases continuar\u00e1n. \u00abEstamos seguros de que la Sunedu revocar\u00e1 esta decisi\u00f3n, en 15 d\u00edas presentaremos la reconsideraci\u00f3n y la Sunedu debe responder dentro de 40 d\u00edas\u00bb.<\/span><\/p>\n","protected":false},"excerpt":{"rendered":"<p>Tras conocer que la Sunedu le neg\u00f3 el licenciamiento institucional, la Universidad Privada Telesup inform\u00f3 que acudir\u00e1 a las instancias correspondientes para hacer valer sus derechos. Lima, 30 Mayo 2019, (ANDINA).- Tras conocer que la Sunedu le neg\u00f3 el licenciamiento institucional, la Universidad Privada Telesup inform\u00f3 que acudir\u00e1 a las instancias correspondientes para hacer valer [&hellip;]<\/p>\n","protected":false},"author":1,"featured_media":50122,"comment_status":"open","ping_status":"open","sticky":false,"template":"","format":"standard","meta":{"rop_custom_images_group":[],"rop_custom_messages_group":[],"rop_publish_now":"initial","rop_publish_now_accounts":[],"rop_publish_now_history":[],"rop_publish_now_status":"pending","footnotes":""},"categories":[10],"tags":[720,4476],"class_list":["post-50121","post","type-post","status-publish","format-standard","has-post-thumbnail","hentry","category-actualidad-municipal","tag-sunedu","tag-telesup"],"_links":{"self":[{"href":"https:\/\/elinformanteperu.com\/index.php\/wp-json\/wp\/v2\/posts\/50121","targetHints":{"allow":["GET"]}}],"collection":[{"href":"https:\/\/elinformanteperu.com\/index.php\/wp-json\/wp\/v2\/posts"}],"about":[{"href":"https:\/\/elinformanteperu.com\/index.php\/wp-json\/wp\/v2\/types\/post"}],"author":[{"embeddable":true,"href":"https:\/\/elinformanteperu.com\/index.php\/wp-json\/wp\/v2\/users\/1"}],"replies":[{"embeddable":true,"href":"https:\/\/elinformanteperu.com\/index.php\/wp-json\/wp\/v2\/comments?post=50121"}],"version-history":[{"count":1,"href":"https:\/\/elinformanteperu.com\/index.php\/wp-json\/wp\/v2\/posts\/50121\/revisions"}],"predecessor-version":[{"id":50123,"href":"https:\/\/elinformanteperu.com\/index.php\/wp-json\/wp\/v2\/posts\/50121\/revisions\/50123"}],"wp:featuredmedia":[{"embeddable":true,"href":"https:\/\/elinformanteperu.com\/index.php\/wp-json\/wp\/v2\/media\/50122"}],"wp:attachment":[{"href":"https:\/\/elinformanteperu.com\/index.php\/wp-json\/wp\/v2\/media?parent=50121"}],"wp:term":[{"taxonomy":"category","embeddable":true,"href":"https:\/\/elinformanteperu.com\/index.php\/wp-json\/wp\/v2\/categories?post=50121"},{"taxonomy":"post_tag","embeddable":true,"href":"https:\/\/elinformanteperu.com\/index.php\/wp-json\/wp\/v2\/tags?post=50121"}],"curies":[{"name":"wp","href":"https:\/\/api.w.org\/{rel}","templated":true}]}}