{"id":50118,"date":"2019-05-30T19:37:26","date_gmt":"2019-05-31T00:37:26","guid":{"rendered":"http:\/\/elinformanteperu.com\/?p=50118"},"modified":"2019-05-31T00:19:54","modified_gmt":"2019-05-31T05:19:54","slug":"la-libertad-detienen-a-ex-funcionarios-municipales-por-presuntas-irregularidades-2","status":"publish","type":"post","link":"https:\/\/elinformanteperu.com\/index.php\/2019\/05\/30\/la-libertad-detienen-a-ex-funcionarios-municipales-por-presuntas-irregularidades-2\/","title":{"rendered":"Minagri impulsar\u00e1 instalaci\u00f3n de plantas procesadoras de papa"},"content":{"rendered":"<p><strong><span style=\"color: #000000;\">El Ministerio de Agricultura trabajar\u00e1 coordinadamente con otros portafolios y buscar\u00e1 alianzas para promover la instalaci\u00f3n de peque\u00f1as plantas procesadoras de papa.<\/span><\/strong><\/p>\n<p><span style=\"color: #000000;\"><strong>Yauli, Huancavelica, 30 Mayo 2019, (ANDINA).-<\/strong> El Ministerio de Agricultura y Riego (Minagri) trabajar\u00e1 coordinadamente con otros portafolios y buscar\u00e1 alianzas para promover la instalaci\u00f3n de peque\u00f1as plantas procesadoras de papa que le den el valor agregado a la producci\u00f3n de los agricultores.<\/span><\/p>\n<p><span style=\"color: #000000;\">As\u00ed lo subray\u00f3 la ministra del Sector Fabiola Mu\u00f1oz, desde la comunidad de Tacsana en el distrito de Yauli, provincia y departamento de Huancavelica, donde celebr\u00f3 el D\u00eda Nacional de la Papa, en un ambiente festivo con danzantes de tijera y c\u00e1nticos en Quechua.<\/span><\/p>\n<p><span style=\"color: #000000;\">\u00abPodemos tomar fondos de Procompite u otros, sumar esfuerzos con los Gores, Produce y Mincetur para tener peque\u00f1as plantas procesadoras de papa, llevar las papas de Huancavelica y de nuestras regiones al mundo\u00bb, precis\u00f3.<\/span><\/p>\n<p><span style=\"color: #000000;\">Asimismo, dijo que se impulsar\u00e1 el acceso al agua del productor, con la ejecuci\u00f3n de proyectos h\u00eddricos que abastezcan de riego los campos de cultivo de papa.<\/span><\/p>\n<p><span style=\"color: #000000;\">\u00abLa principal brecha que tenemos es con los agricultores y vamos a sumar esfuerzos para que ustedes tengan acceso al riego. El agua va a permitirles tener una mayor producci\u00f3n y as\u00ed tendr\u00e1n mejores condiciones para ustedes y sus hijos\u00bb, resalt\u00f3 la ministra Mu\u00f1oz.<\/span><\/p>\n<p><span style=\"color: #000000;\">Adem\u00e1s, remarc\u00f3 que su gesti\u00f3n trabajar\u00e1 para sacar de la pobreza a las m\u00e1s de 711,000 familias involucradas en la producci\u00f3n de papa en las 19 regiones del pa\u00eds, compromiso, dijo, que asumi\u00f3 desde el primer d\u00eda en el cargo, y que el Gobierno del presidente Mart\u00edn Vizcarra lo ha ratificado, poniendo como prioridad a la Agricultura Familiar.<\/span><\/p>\n<p><span style=\"color: #000000;\">\u00abLa primera prioridad del Minagri es la Agricultura Familiar que la conforman todos ustedes y hay un compromiso del presidente Vizcarra y el m\u00edo de trabajar juntos por lograr su desarrollo\u00bb, sostuvo ante aproximadamente 200 productores de papa huancavelicanos.<\/span><\/p>\n<p><span style=\"color: #000000;\">La ministra Mu\u00f1oz invoc\u00f3 a lograr la meta de que al Bicentenario se eleve el consumo de papa a 92 kilos por persona.<\/span><\/p>\n<p><span style=\"color: #000000;\">A su vez, salud\u00f3 que el Gobierno Regional de Huancavelica tenga como objetivo liderar el 2020 una agricultura org\u00e1nica, no s\u00f3lo en cultivos de papa, sino en ma\u00edz, cebada, entre otros.<\/span><\/p>\n<p><strong><span style=\"color: #000000;\">Papa en cifras<\/span><\/strong><\/p>\n<p><span style=\"color: #000000;\">El Per\u00fa cuenta con m\u00e1s de 3,000 variedades nativas conocidas, de las cuales comercialmente se siembran cerca de 70,000 hect\u00e1reas. S\u00f3lo Huancavelica produce m\u00e1s de 1,200 variedades.<\/span><\/p>\n<p><span style=\"color: #000000;\">Adem\u00e1s, entre enero a marzo de este a\u00f1o la a producci\u00f3n de papa en esta regi\u00f3n super\u00f3 las 48,000 toneladas. En el mismo periodo del 2018 durante alcanz\u00f3 44, 849 toneladas.<\/span><\/p>\n<p><span style=\"color: #000000;\">Las festividades por el D\u00eda Nacional de la Papa incluyeron en la Plaza de Huancavelica, ferias de exposici\u00f3n de papa nativa y concursos de platos t\u00edpicos a base de papa, con la participaci\u00f3n de la viceministra de Pol\u00edticas Agrarias, Mar\u00eda Elena Rojas.<\/span><\/p>\n","protected":false},"excerpt":{"rendered":"<p>El Ministerio de Agricultura trabajar\u00e1 coordinadamente con otros portafolios y buscar\u00e1 alianzas para promover la instalaci\u00f3n de peque\u00f1as plantas procesadoras de papa. Yauli, Huancavelica, 30 Mayo 2019, (ANDINA).- El Ministerio de Agricultura y Riego (Minagri) trabajar\u00e1 coordinadamente con otros portafolios y buscar\u00e1 alianzas para promover la instalaci\u00f3n de peque\u00f1as plantas procesadoras de papa que le [&hellip;]<\/p>\n","protected":false},"author":1,"featured_media":50119,"comment_status":"open","ping_status":"open","sticky":false,"template":"","format":"standard","meta":{"rop_custom_images_group":[],"rop_custom_messages_group":[],"rop_publish_now":"initial","rop_publish_now_accounts":[],"rop_publish_now_history":[],"rop_publish_now_status":"pending","footnotes":""},"categories":[10],"tags":[1665,364,363],"class_list":["post-50118","post","type-post","status-publish","format-standard","has-post-thumbnail","hentry","category-actualidad-municipal","tag-la-papa","tag-minagri","tag-ministerio-de-agricultura"],"_links":{"self":[{"href":"https:\/\/elinformanteperu.com\/index.php\/wp-json\/wp\/v2\/posts\/50118","targetHints":{"allow":["GET"]}}],"collection":[{"href":"https:\/\/elinformanteperu.com\/index.php\/wp-json\/wp\/v2\/posts"}],"about":[{"href":"https:\/\/elinformanteperu.com\/index.php\/wp-json\/wp\/v2\/types\/post"}],"author":[{"embeddable":true,"href":"https:\/\/elinformanteperu.com\/index.php\/wp-json\/wp\/v2\/users\/1"}],"replies":[{"embeddable":true,"href":"https:\/\/elinformanteperu.com\/index.php\/wp-json\/wp\/v2\/comments?post=50118"}],"version-history":[{"count":2,"href":"https:\/\/elinformanteperu.com\/index.php\/wp-json\/wp\/v2\/posts\/50118\/revisions"}],"predecessor-version":[{"id":50182,"href":"https:\/\/elinformanteperu.com\/index.php\/wp-json\/wp\/v2\/posts\/50118\/revisions\/50182"}],"wp:featuredmedia":[{"embeddable":true,"href":"https:\/\/elinformanteperu.com\/index.php\/wp-json\/wp\/v2\/media\/50119"}],"wp:attachment":[{"href":"https:\/\/elinformanteperu.com\/index.php\/wp-json\/wp\/v2\/media?parent=50118"}],"wp:term":[{"taxonomy":"category","embeddable":true,"href":"https:\/\/elinformanteperu.com\/index.php\/wp-json\/wp\/v2\/categories?post=50118"},{"taxonomy":"post_tag","embeddable":true,"href":"https:\/\/elinformanteperu.com\/index.php\/wp-json\/wp\/v2\/tags?post=50118"}],"curies":[{"name":"wp","href":"https:\/\/api.w.org\/{rel}","templated":true}]}}