{"id":50112,"date":"2019-05-30T19:21:14","date_gmt":"2019-05-31T00:21:14","guid":{"rendered":"http:\/\/elinformanteperu.com\/?p=50112"},"modified":"2019-05-30T19:21:14","modified_gmt":"2019-05-31T00:21:14","slug":"gobernador-de-amazonas-congreso-de-la-republica-perdio-representatividad","status":"publish","type":"post","link":"https:\/\/elinformanteperu.com\/index.php\/2019\/05\/30\/gobernador-de-amazonas-congreso-de-la-republica-perdio-representatividad\/","title":{"rendered":"Gobernador de Amazonas: \u00abCongreso de la Rep\u00fablica perdi\u00f3 representatividad\u00bb"},"content":{"rendered":"<p><span style=\"color: #000000;\"><strong>El gobernador regional de Amazonas, Oscar Altamirano Quispe, dijo que apoya el pedido de cuesti\u00f3n de confianza planteado por el presidente de la Rep\u00fablica, Mart\u00edn Vizcarra.<\/strong><\/span><\/p>\n<p><span style=\"color: #000000;\"><strong>Amazonas, 30 Mayo 2019, (ANDINA).-<\/strong> El gobernador regional de Amazonas, Oscar Altamirano Quispe, dijo que apoya el pedido de cuesti\u00f3n de confianza planteado por el presidente de la Rep\u00fablica, Mart\u00edn Vizcarra, para seguir luchando contra la corrupci\u00f3n y porque el Congreso ha perdido representatividad.<\/span><\/p>\n<p><span style=\"color: #000000;\">A\u00f1adi\u00f3 que el jefe del Estado desde el primer d\u00eda de su gesti\u00f3n se comprometi\u00f3 a combatir frontalmente la corrupci\u00f3n que es el agente causal de todos los males que nos aquejan, y \u201cpor eso mi respaldo en primer lugar\u201d, puntualiz\u00f3 la autoridad edil a la Agencia Andina. <\/span><\/p>\n<p><span style=\"color: #000000;\">En segundo lugar -a\u00f1adi\u00f3- el Legislativo \u201cya no representa a nadie\u201d y los cinco proyectos que ha presentado el presidente Vizcarra ha encajado en lo que apunta a combatir la corrupci\u00f3n y mantener la democracia en el pa\u00eds.<\/span><\/p>\n<p><span style=\"color: #000000;\">En la v\u00edspera, el jefe del Estado, acompa\u00f1ado de su gabinete ministerial y los gobernadores regionales, anunci\u00f3 desde Palacio de Gobierno, su decisi\u00f3n de presentar al Congreso una cuesti\u00f3n de confianza respecto a las pol\u00edticas de Estado de fortalecimiento institucional y lucha contra la corrupci\u00f3n.<\/span><\/p>\n<p><span style=\"color: #000000;\">En ese contexto, Altamirano Quispe remarc\u00f3 que todos los gobernadores regionales comprometieron su respaldo un\u00e1nime y lo ratificaron a trav\u00e9s de un pronunciamiento emitido por la Asamblea Nacional de Gobiernos Regionales (ANGR). \u201cNo hubo presi\u00f3n para firmar el documento, nadie se opuso\u201d, enfatiz\u00f3.<\/span><\/p>\n<p><span style=\"color: #000000;\">Por ello, descart\u00f3 que los gobernadores hayan sido utilizado o sorprendidos tal como lo se\u00f1alan algunos congresistas. \u201cYo tom\u00e9 la decisi\u00f3n como persona y gobernador de apoyar al presidente de la Rep\u00fablica, los congresistas pueden decir lo que quieran\u201d, enfatiz\u00f3.<\/span><\/p>\n<p><span style=\"color: #000000;\">Agreg\u00f3 que toda la poblaci\u00f3n ha visto como los legisladores est\u00e1n blindando a la corrupci\u00f3n, al no haber destituido al exfiscal de la Naci\u00f3n, Pero Ch\u00e1varry Vallejo, actual fiscal supremo, \u201cimplicado en redes criminales de corrupci\u00f3n\u201d.<\/span><\/p>\n<p><span style=\"color: #000000;\">Como se recuerda, la Comisi\u00f3n Permanente del Congreso acord\u00f3 archivar el informe que recomendaba destituir e inhabilitar a Ch\u00e1varry, quien es fuertemente cuestionado por sus v\u00ednculos con la organizaci\u00f3n criminal los Cuellos Blancos del Puerto y por ser presunto autor de diversos delitos de corrupci\u00f3n.<\/span><\/p>\n<p><span style=\"color: #000000;\">\u201cPara m\u00ed es una verg\u00fcenza y un atropello al pueblo peruano que el Parlamento tome esas decisiones. Querer blindar a los corruptos\u201d, expres\u00f3.<\/span><\/p>\n<p><span style=\"color: #000000;\">Por \u00faltimo, la autoridad regional dio a conocer que con el presidente Vizcarra los gobernadores regionales trataron tambi\u00e9n otros temas, como la problem\u00e1tica de sus jurisdicciones, proyectos el presupuesto.<\/span><\/p>\n","protected":false},"excerpt":{"rendered":"<p>El gobernador regional de Amazonas, Oscar Altamirano Quispe, dijo que apoya el pedido de cuesti\u00f3n de confianza planteado por el presidente de la Rep\u00fablica, Mart\u00edn Vizcarra. Amazonas, 30 Mayo 2019, (ANDINA).- El gobernador regional de Amazonas, Oscar Altamirano Quispe, dijo que apoya el pedido de cuesti\u00f3n de confianza planteado por el presidente de la Rep\u00fablica, [&hellip;]<\/p>\n","protected":false},"author":1,"featured_media":50113,"comment_status":"open","ping_status":"open","sticky":false,"template":"","format":"standard","meta":{"rop_custom_images_group":[],"rop_custom_messages_group":[],"rop_publish_now":"initial","rop_publish_now_accounts":[],"rop_publish_now_history":[],"rop_publish_now_status":"pending","footnotes":""},"categories":[10],"tags":[1354,4474,4484,289,4483],"class_list":["post-50112","post","type-post","status-publish","format-standard","has-post-thumbnail","hentry","category-actualidad-municipal","tag-amazonas","tag-cuestion-de-confianza","tag-gobierno-regional-de-amazonas","tag-martin-vizcarra","tag-oscar-altamirano-quispe"],"_links":{"self":[{"href":"https:\/\/elinformanteperu.com\/index.php\/wp-json\/wp\/v2\/posts\/50112","targetHints":{"allow":["GET"]}}],"collection":[{"href":"https:\/\/elinformanteperu.com\/index.php\/wp-json\/wp\/v2\/posts"}],"about":[{"href":"https:\/\/elinformanteperu.com\/index.php\/wp-json\/wp\/v2\/types\/post"}],"author":[{"embeddable":true,"href":"https:\/\/elinformanteperu.com\/index.php\/wp-json\/wp\/v2\/users\/1"}],"replies":[{"embeddable":true,"href":"https:\/\/elinformanteperu.com\/index.php\/wp-json\/wp\/v2\/comments?post=50112"}],"version-history":[{"count":1,"href":"https:\/\/elinformanteperu.com\/index.php\/wp-json\/wp\/v2\/posts\/50112\/revisions"}],"predecessor-version":[{"id":50114,"href":"https:\/\/elinformanteperu.com\/index.php\/wp-json\/wp\/v2\/posts\/50112\/revisions\/50114"}],"wp:featuredmedia":[{"embeddable":true,"href":"https:\/\/elinformanteperu.com\/index.php\/wp-json\/wp\/v2\/media\/50113"}],"wp:attachment":[{"href":"https:\/\/elinformanteperu.com\/index.php\/wp-json\/wp\/v2\/media?parent=50112"}],"wp:term":[{"taxonomy":"category","embeddable":true,"href":"https:\/\/elinformanteperu.com\/index.php\/wp-json\/wp\/v2\/categories?post=50112"},{"taxonomy":"post_tag","embeddable":true,"href":"https:\/\/elinformanteperu.com\/index.php\/wp-json\/wp\/v2\/tags?post=50112"}],"curies":[{"name":"wp","href":"https:\/\/api.w.org\/{rel}","templated":true}]}}