{"id":50108,"date":"2019-05-30T19:08:12","date_gmt":"2019-05-31T00:08:12","guid":{"rendered":"http:\/\/elinformanteperu.com\/?p=50108"},"modified":"2019-05-30T19:08:12","modified_gmt":"2019-05-31T00:08:12","slug":"seleccion-peruana-estos-son-los-23-convocados-para-la-copa-america","status":"publish","type":"post","link":"https:\/\/elinformanteperu.com\/index.php\/2019\/05\/30\/seleccion-peruana-estos-son-los-23-convocados-para-la-copa-america\/","title":{"rendered":"Selecci\u00f3n peruana: estos son los 23 convocados para la Copa Am\u00e9rica"},"content":{"rendered":"<p><strong><span style=\"color: #000000;\">El director t\u00e9cnico de la selecci\u00f3n peruana de f\u00fatbol, Ricardo Gareca, present\u00f3 la lista de 23 jugadores que participar\u00e1n en la Copa Am\u00e9rica 2019.<\/span><\/strong><\/p>\n<p><span style=\"color: #000000;\"><strong>Lima, 30 Mayo 2019, (ANDINA).-<\/strong> El director t\u00e9cnico de la selecci\u00f3n peruana de f\u00fatbol, Ricardo Gareca, present\u00f3 la lista de 23 jugadores que participar\u00e1n en la Copa Am\u00e9rica 2019, que se disputar\u00e1 en Brasil del 14 de junio al 7 de julio.<\/span><\/p>\n<p><span style=\"color: #000000;\">Estos son los convocados:<\/span><\/p>\n<p><strong><span style=\"color: #000000;\">Arqueros<\/span><\/strong><\/p>\n<p><span style=\"color: #000000;\">Pedro Gallese (Alianza Lima)<\/span><br \/>\n<span style=\"color: #000000;\">Patricio \u00c1lvarez (Sporting Cristal)<\/span><br \/>\n<span style=\"color: #000000;\">Carlos C\u00e1ceda (Melgar).<\/span><\/p>\n<p><strong><span style=\"color: #000000;\">Defensas<\/span><\/strong><\/p>\n<p><span style=\"color: #000000;\">Luis Abram (V\u00e9lez S\u00e1rsfield)<\/span><br \/>\n<span style=\"color: #000000;\">Luis Adv\u00edncula (Rayo Vallecano)<\/span><br \/>\n<span style=\"color: #000000;\">Miguel Araujo (Talleres)<\/span><br \/>\n<span style=\"color: #000000;\">Alexander Callens (New York City)<\/span><br \/>\n<span style=\"color: #000000;\">Aldo Corzo (Universitario)<\/span><br \/>\n<span style=\"color: #000000;\">Anderson Santamar\u00eda (Atlas)<\/span><br \/>\n<span style=\"color: #000000;\">Miguel Trauco (Flamengo)<\/span><br \/>\n<span style=\"color: #000000;\">Carlos Zambrano (Basilea).<\/span><\/p>\n<p><strong><span style=\"color: #000000;\">Volantes<\/span><\/strong><\/p>\n<p><span style=\"color: #000000;\">Christian Cueva (Santos)<\/span><br \/>\n<span style=\"color: #000000;\">Edison Flores (Monarcas Morelia)<\/span><br \/>\n<span style=\"color: #000000;\">Christofer Gonzales (Sporting Cristal)<\/span><br \/>\n<span style=\"color: #000000;\">Paolo Hurtado (Konyaspor)<\/span><br \/>\n<span style=\"color: #000000;\">Jes\u00fas Pretell (Sporting Cristal)<\/span><br \/>\n<span style=\"color: #000000;\">Renato Tapia (Willem II)<\/span><br \/>\n<span style=\"color: #000000;\">Yoshimar Yot\u00fan (Cruz Azul).<\/span><\/p>\n<p><strong><span style=\"color: #000000;\">Delanteros<\/span><\/strong><\/p>\n<p><span style=\"color: #000000;\">Andr\u00e9 Carrillo (Al-Hilal)<\/span><br \/>\n<span style=\"color: #000000;\">Jefferson Farf\u00e1n (Lokomotiv)<\/span><br \/>\n<span style=\"color: #000000;\">Paolo Guerrero (Internacional)<\/span><br \/>\n<span style=\"color: #000000;\">Andy Polo (Portland Timbers)<\/span><br \/>\n<span style=\"color: #000000;\">Ra\u00fal Ruid\u00edaz (Seattle Sounders).<\/span><\/p>\n<p><span style=\"color: #000000;\">La selecci\u00f3n de Per\u00fa se sit\u00faa en el grupo A de la Copa Am\u00e9rica junto al anfitri\u00f3n Brasil, Venezuela y Bolivia.<\/span><\/p>\n<p><span style=\"color: #000000;\">La Blanquirroja iniciar\u00e1 su participaci\u00f3n en el campeonato el 15 de junio frente a su par de Venezuela.<\/span><\/p>\n<p><img fetchpriority=\"high\" decoding=\"async\" class=\"aligncenter size-full wp-image-50110\" src=\"http:\/\/elinformanteperu.com\/wp-content\/uploads\/2019\/05\/seleccion-entrenamientos.jpg\" alt=\"\" width=\"500\" height=\"334\" srcset=\"https:\/\/elinformanteperu.com\/wp-content\/uploads\/2019\/05\/seleccion-entrenamientos.jpg 500w, https:\/\/elinformanteperu.com\/wp-content\/uploads\/2019\/05\/seleccion-entrenamientos-300x200.jpg 300w, https:\/\/elinformanteperu.com\/wp-content\/uploads\/2019\/05\/seleccion-entrenamientos-128x86.jpg 128w, https:\/\/elinformanteperu.com\/wp-content\/uploads\/2019\/05\/seleccion-entrenamientos-32x21.jpg 32w\" sizes=\"(max-width: 500px) 100vw, 500px\" \/><\/p>\n","protected":false},"excerpt":{"rendered":"<p>El director t\u00e9cnico de la selecci\u00f3n peruana de f\u00fatbol, Ricardo Gareca, present\u00f3 la lista de 23 jugadores que participar\u00e1n en la Copa Am\u00e9rica 2019. Lima, 30 Mayo 2019, (ANDINA).- El director t\u00e9cnico de la selecci\u00f3n peruana de f\u00fatbol, Ricardo Gareca, present\u00f3 la lista de 23 jugadores que participar\u00e1n en la Copa Am\u00e9rica 2019, que se [&hellip;]<\/p>\n","protected":false},"author":1,"featured_media":50109,"comment_status":"open","ping_status":"open","sticky":false,"template":"","format":"standard","meta":{"rop_custom_images_group":[],"rop_custom_messages_group":[],"rop_publish_now":"initial","rop_publish_now_accounts":[],"rop_publish_now_history":[],"rop_publish_now_status":"pending","footnotes":""},"categories":[8],"tags":[4102,3565,137],"class_list":["post-50108","post","type-post","status-publish","format-standard","has-post-thumbnail","hentry","category-disciplinas-deportivas","tag-copa-america-2019","tag-copa-america-brasil-2019","tag-seleccion-peruana"],"_links":{"self":[{"href":"https:\/\/elinformanteperu.com\/index.php\/wp-json\/wp\/v2\/posts\/50108","targetHints":{"allow":["GET"]}}],"collection":[{"href":"https:\/\/elinformanteperu.com\/index.php\/wp-json\/wp\/v2\/posts"}],"about":[{"href":"https:\/\/elinformanteperu.com\/index.php\/wp-json\/wp\/v2\/types\/post"}],"author":[{"embeddable":true,"href":"https:\/\/elinformanteperu.com\/index.php\/wp-json\/wp\/v2\/users\/1"}],"replies":[{"embeddable":true,"href":"https:\/\/elinformanteperu.com\/index.php\/wp-json\/wp\/v2\/comments?post=50108"}],"version-history":[{"count":1,"href":"https:\/\/elinformanteperu.com\/index.php\/wp-json\/wp\/v2\/posts\/50108\/revisions"}],"predecessor-version":[{"id":50111,"href":"https:\/\/elinformanteperu.com\/index.php\/wp-json\/wp\/v2\/posts\/50108\/revisions\/50111"}],"wp:featuredmedia":[{"embeddable":true,"href":"https:\/\/elinformanteperu.com\/index.php\/wp-json\/wp\/v2\/media\/50109"}],"wp:attachment":[{"href":"https:\/\/elinformanteperu.com\/index.php\/wp-json\/wp\/v2\/media?parent=50108"}],"wp:term":[{"taxonomy":"category","embeddable":true,"href":"https:\/\/elinformanteperu.com\/index.php\/wp-json\/wp\/v2\/categories?post=50108"},{"taxonomy":"post_tag","embeddable":true,"href":"https:\/\/elinformanteperu.com\/index.php\/wp-json\/wp\/v2\/tags?post=50108"}],"curies":[{"name":"wp","href":"https:\/\/api.w.org\/{rel}","templated":true}]}}