{"id":50104,"date":"2019-05-30T19:01:17","date_gmt":"2019-05-31T00:01:17","guid":{"rendered":"http:\/\/elinformanteperu.com\/?p=50104"},"modified":"2019-05-30T19:01:17","modified_gmt":"2019-05-31T00:01:17","slug":"seleccion-peruana-futbolistas-de-clubes-locales-entrenan-en-la-videna","status":"publish","type":"post","link":"https:\/\/elinformanteperu.com\/index.php\/2019\/05\/30\/seleccion-peruana-futbolistas-de-clubes-locales-entrenan-en-la-videna\/","title":{"rendered":"Selecci\u00f3n peruana: futbolistas de clubes locales entrenan en la Videna"},"content":{"rendered":"<p><strong><span style=\"color: #000000;\">La selecci\u00f3n de mayores de f\u00fatbol del Per\u00fa ha citado a seis jugadores de la Liga 1 local para que se integren a sus entrenamientos.<\/span><\/strong><\/p>\n<p><span style=\"color: #000000;\"><strong>Lima, 30 Mayo 2019, (ANDINA).-<\/strong> La selecci\u00f3n de mayores de f\u00fatbol del Per\u00fa ha citado a seis jugadores de la Liga 1 local para que se integren a sus entrenamientos.<\/span><\/p>\n<p><span style=\"color: #000000;\">Se trata de deportistas que militan en Melgar de Arequipa, Alianza Lima, Sporting Cristal y Universitario de Deportes.<\/span><\/p>\n<p><span style=\"color: #000000;\">Tres de los llamados son arqueros: Patricio \u00c1lvarez, del equipo del R\u00edmac; Carlos C\u00e1ceda, de los mistianos, y Pedro Gallese, de los \u00edntimos.<\/span><\/p>\n<p><span style=\"color: #000000;\">Los restantes son Aldo Corzo, Christopher Gonzales y Jes\u00fas Pretell.<\/span><\/p>\n<p><img fetchpriority=\"high\" decoding=\"async\" class=\"aligncenter  wp-image-50106\" src=\"http:\/\/elinformanteperu.com\/wp-content\/uploads\/2019\/05\/convocados-torneo-local-1.jpg\" alt=\"\" width=\"392\" height=\"394\" srcset=\"https:\/\/elinformanteperu.com\/wp-content\/uploads\/2019\/05\/convocados-torneo-local-1.jpg 519w, https:\/\/elinformanteperu.com\/wp-content\/uploads\/2019\/05\/convocados-torneo-local-1-150x150.jpg 150w, https:\/\/elinformanteperu.com\/wp-content\/uploads\/2019\/05\/convocados-torneo-local-1-128x128.jpg 128w, https:\/\/elinformanteperu.com\/wp-content\/uploads\/2019\/05\/convocados-torneo-local-1-32x32.jpg 32w, https:\/\/elinformanteperu.com\/wp-content\/uploads\/2019\/05\/convocados-torneo-local-1-60x60.jpg 60w, https:\/\/elinformanteperu.com\/wp-content\/uploads\/2019\/05\/convocados-torneo-local-1-50x50.jpg 50w\" sizes=\"(max-width: 392px) 100vw, 392px\" \/><\/p>\n","protected":false},"excerpt":{"rendered":"<p>La selecci\u00f3n de mayores de f\u00fatbol del Per\u00fa ha citado a seis jugadores de la Liga 1 local para que se integren a sus entrenamientos. Lima, 30 Mayo 2019, (ANDINA).- La selecci\u00f3n de mayores de f\u00fatbol del Per\u00fa ha citado a seis jugadores de la Liga 1 local para que se integren a sus entrenamientos. [&hellip;]<\/p>\n","protected":false},"author":1,"featured_media":50105,"comment_status":"open","ping_status":"open","sticky":false,"template":"","format":"standard","meta":{"rop_custom_images_group":[],"rop_custom_messages_group":[],"rop_publish_now":"initial","rop_publish_now_accounts":[],"rop_publish_now_history":[],"rop_publish_now_status":"pending","footnotes":""},"categories":[8],"tags":[4102,3565,137],"class_list":["post-50104","post","type-post","status-publish","format-standard","has-post-thumbnail","hentry","category-disciplinas-deportivas","tag-copa-america-2019","tag-copa-america-brasil-2019","tag-seleccion-peruana"],"_links":{"self":[{"href":"https:\/\/elinformanteperu.com\/index.php\/wp-json\/wp\/v2\/posts\/50104","targetHints":{"allow":["GET"]}}],"collection":[{"href":"https:\/\/elinformanteperu.com\/index.php\/wp-json\/wp\/v2\/posts"}],"about":[{"href":"https:\/\/elinformanteperu.com\/index.php\/wp-json\/wp\/v2\/types\/post"}],"author":[{"embeddable":true,"href":"https:\/\/elinformanteperu.com\/index.php\/wp-json\/wp\/v2\/users\/1"}],"replies":[{"embeddable":true,"href":"https:\/\/elinformanteperu.com\/index.php\/wp-json\/wp\/v2\/comments?post=50104"}],"version-history":[{"count":1,"href":"https:\/\/elinformanteperu.com\/index.php\/wp-json\/wp\/v2\/posts\/50104\/revisions"}],"predecessor-version":[{"id":50107,"href":"https:\/\/elinformanteperu.com\/index.php\/wp-json\/wp\/v2\/posts\/50104\/revisions\/50107"}],"wp:featuredmedia":[{"embeddable":true,"href":"https:\/\/elinformanteperu.com\/index.php\/wp-json\/wp\/v2\/media\/50105"}],"wp:attachment":[{"href":"https:\/\/elinformanteperu.com\/index.php\/wp-json\/wp\/v2\/media?parent=50104"}],"wp:term":[{"taxonomy":"category","embeddable":true,"href":"https:\/\/elinformanteperu.com\/index.php\/wp-json\/wp\/v2\/categories?post=50104"},{"taxonomy":"post_tag","embeddable":true,"href":"https:\/\/elinformanteperu.com\/index.php\/wp-json\/wp\/v2\/tags?post=50104"}],"curies":[{"name":"wp","href":"https:\/\/api.w.org\/{rel}","templated":true}]}}