{"id":49975,"date":"2019-05-28T23:57:06","date_gmt":"2019-05-29T04:57:06","guid":{"rendered":"http:\/\/elinformanteperu.com\/?p=49975"},"modified":"2019-05-28T23:57:06","modified_gmt":"2019-05-29T04:57:06","slug":"congreso-requiere-cambio-de-actitud-sobre-reforma-politica-senala-vizcarra","status":"publish","type":"post","link":"https:\/\/elinformanteperu.com\/index.php\/2019\/05\/28\/congreso-requiere-cambio-de-actitud-sobre-reforma-politica-senala-vizcarra\/","title":{"rendered":"Congreso requiere cambio de actitud sobre reforma pol\u00edtica, se\u00f1ala Vizcarra"},"content":{"rendered":"<p><strong><span style=\"color: #000000;\">El Presidente de la Rep\u00fablica, Mart\u00edn Vizcarra, afirm\u00f3 que no existe voluntad en el Congreso de llegar al Bicentenario de la Independencia con una democracia fortalecida.<\/span><\/strong><\/p>\n<p><span style=\"color: #000000;\"><strong>Loreto, 28 Mayo 2019, (ANDINA).-<\/strong> El Presidente de la Rep\u00fablica, Mart\u00edn Vizcarra, afirm\u00f3 que no existe voluntad en el Congreso de llegar al Bicentenario de la Independencia con una democracia fortalecida, a trav\u00e9s de la reforma pol\u00edtica que promueve el Ejecutivo, por lo que consider\u00f3 necesario un cambio de actitud en este poder del Estado.<\/span><\/p>\n<p><span style=\"color: #000000;\">Dijo que lograr una mejor institucionalidad en el Per\u00fa pasa por la aprobaci\u00f3n de una reforma pol\u00edtica, la cual debe darse primero en el Congreso de la Rep\u00fablica, poder del Estado que en su opini\u00f3n deber\u00eda tener un \u00abcambio de actitud\u00bb.<\/span><\/p>\n<p><span style=\"color: #000000;\">\u00abNo hay voluntad de llegar al Bicentenario con una democracia fortalecida, no hay voluntad de llegar al Bicentenario con instituciones que tengan la confianza de la poblaci\u00f3n, eso es lo que pasa\u00bb, declar\u00f3 a los medios de comunicaci\u00f3n en la regi\u00f3n Loreto, adonde arrib\u00f3 para entregar t\u00edtulos de propiedad a comunidades ind\u00edgenas.<\/span><\/p>\n<p><span style=\"color: #000000;\">El Jefe del Estado explic\u00f3 que tan importante como esta iniciativa a favor de las poblaciones amaz\u00f3nicas es la lucha contra la corrupci\u00f3n y el pedido de la poblaci\u00f3n por una mejor institucionalidad y democracia.<\/span><\/p>\n<p><span style=\"color: #000000;\">Respecto al archivo de la denuncia constitucional en contra del exfiscal Pedro Ch\u00e1varry por parte de la Comisi\u00f3n Permanente del Congreso, sobre el deslacrado ilegal de una oficina, manifest\u00f3 que \u00abla poblaci\u00f3n va a sacar su conclusi\u00f3n\u00bb.<\/span><\/p>\n<p><span style=\"color: #000000;\">Asimismo, sostuvo que durante su periodo como autoridad regional en Moquegua se le iniciaron 50 investigaciones, de las cuales ninguna prosper\u00f3 porque su conducta siempre ha sido absolutamente honesta y transparente.<\/span><\/p>\n<p><span style=\"color: #000000;\">En cuanto a las acciones del Gobierno ante el sismo ocurrido en Loreto, se\u00f1al\u00f3 que emprenden los mayores esfuerzos para atender a todas las regiones afectadas en la selva peruana.<\/span><\/p>\n","protected":false},"excerpt":{"rendered":"<p>El Presidente de la Rep\u00fablica, Mart\u00edn Vizcarra, afirm\u00f3 que no existe voluntad en el Congreso de llegar al Bicentenario de la Independencia con una democracia fortalecida. Loreto, 28 Mayo 2019, (ANDINA).- El Presidente de la Rep\u00fablica, Mart\u00edn Vizcarra, afirm\u00f3 que no existe voluntad en el Congreso de llegar al Bicentenario de la Independencia con una [&hellip;]<\/p>\n","protected":false},"author":1,"featured_media":49976,"comment_status":"open","ping_status":"open","sticky":false,"template":"","format":"standard","meta":{"rop_custom_images_group":[],"rop_custom_messages_group":[],"rop_publish_now":"initial","rop_publish_now_accounts":[],"rop_publish_now_history":[],"rop_publish_now_status":"pending","footnotes":""},"categories":[5],"tags":[192,289,1421,2013],"class_list":["post-49975","post","type-post","status-publish","format-standard","has-post-thumbnail","hentry","category-actualidad-informativa","tag-congreso","tag-martin-vizcarra","tag-poder-ejecutivo","tag-poder-legislativo"],"_links":{"self":[{"href":"https:\/\/elinformanteperu.com\/index.php\/wp-json\/wp\/v2\/posts\/49975","targetHints":{"allow":["GET"]}}],"collection":[{"href":"https:\/\/elinformanteperu.com\/index.php\/wp-json\/wp\/v2\/posts"}],"about":[{"href":"https:\/\/elinformanteperu.com\/index.php\/wp-json\/wp\/v2\/types\/post"}],"author":[{"embeddable":true,"href":"https:\/\/elinformanteperu.com\/index.php\/wp-json\/wp\/v2\/users\/1"}],"replies":[{"embeddable":true,"href":"https:\/\/elinformanteperu.com\/index.php\/wp-json\/wp\/v2\/comments?post=49975"}],"version-history":[{"count":1,"href":"https:\/\/elinformanteperu.com\/index.php\/wp-json\/wp\/v2\/posts\/49975\/revisions"}],"predecessor-version":[{"id":49977,"href":"https:\/\/elinformanteperu.com\/index.php\/wp-json\/wp\/v2\/posts\/49975\/revisions\/49977"}],"wp:featuredmedia":[{"embeddable":true,"href":"https:\/\/elinformanteperu.com\/index.php\/wp-json\/wp\/v2\/media\/49976"}],"wp:attachment":[{"href":"https:\/\/elinformanteperu.com\/index.php\/wp-json\/wp\/v2\/media?parent=49975"}],"wp:term":[{"taxonomy":"category","embeddable":true,"href":"https:\/\/elinformanteperu.com\/index.php\/wp-json\/wp\/v2\/categories?post=49975"},{"taxonomy":"post_tag","embeddable":true,"href":"https:\/\/elinformanteperu.com\/index.php\/wp-json\/wp\/v2\/tags?post=49975"}],"curies":[{"name":"wp","href":"https:\/\/api.w.org\/{rel}","templated":true}]}}